{"id":8948,"date":"2023-04-10T15:51:22","date_gmt":"2023-04-10T13:51:22","guid":{"rendered":"https:\/\/mhf.ro\/mm\/?p=8948"},"modified":"2023-04-10T15:51:22","modified_gmt":"2023-04-10T13:51:22","slug":"alpinism-de-la-mic-la-mare","status":"publish","type":"post","link":"https:\/\/mhf.ro\/mm\/alpinism-de-la-mic-la-mare\/","title":{"rendered":"Alpinism &#8211; de la mic la mare"},"content":{"rendered":"<p>Alpinismul este o activitate sportiv\u0103 extrem\u0103, care presupune c\u0103\u021b\u0103rarea pe munte, \u00een special pe v\u00e2rfuri, prin utilizarea unor tehnici \u0219i echipamente speciale. \u00cen timpul acestei activit\u0103\u021bi, alpini\u0219tii se confrunt\u0103 cu diferite provoc\u0103ri, cum ar fi temperaturile extreme, v\u00e2ntul puternic, avalan\u0219ele sau dificult\u0103\u021bile de respira\u021bie din cauza altitudinii ridicate.<br \/>\n<a href=\"https:\/\/mhf.ro\/mm\/wp-content\/uploads\/2023\/04\/Alpinism_3.jpg\"><img fetchpriority=\"high\" decoding=\"async\" class=\"alignnone size-medium wp-image-8950\" src=\"https:\/\/mhf.ro\/mm\/wp-content\/uploads\/2023\/04\/Alpinism_3-300x169.jpg\" alt=\"\" width=\"300\" height=\"169\" srcset=\"https:\/\/mhf.ro\/mm\/wp-content\/uploads\/2023\/04\/Alpinism_3-300x169.jpg 300w, https:\/\/mhf.ro\/mm\/wp-content\/uploads\/2023\/04\/Alpinism_3-1024x576.jpg 1024w, https:\/\/mhf.ro\/mm\/wp-content\/uploads\/2023\/04\/Alpinism_3-768x432.jpg 768w, https:\/\/mhf.ro\/mm\/wp-content\/uploads\/2023\/04\/Alpinism_3.jpg 1280w\" sizes=\"(max-width: 300px) 100vw, 300px\" \/><\/a><br \/>\nAlpinismul poate fi practicat at\u00e2t \u00een scopuri recreative, c\u00e2t \u0219i \u00een scopuri sportive sau de cercetare \u0219tiin\u021bific\u0103. De-a lungul istoriei, alpinismul a fost un domeniu \u00een care s-au realizat multe performan\u021be notabile, de la explorarea unor regiuni nepenetrabile p\u00e2n\u0103 la atingerea unor v\u00e2rfuri celebre.<\/p>\n<p>Pentru a practica alpinismul \u00een condi\u021bii de siguran\u021b\u0103, este necesar\u0103 o preg\u0103tire riguroas\u0103, care s\u0103 includ\u0103 at\u00e2t preg\u0103tire fizic\u0103, c\u00e2t \u0219i preg\u0103tire psihologic\u0103 \u0219i teoretic\u0103. Alpini\u0219tii trebuie s\u0103 fie \u00eentr-o form\u0103 fizic\u0103 bun\u0103, s\u0103 aib\u0103 o bun\u0103 coordonare \u0219i echilibru, precum \u0219i s\u0103 fie capabili s\u0103 ia decizii rapide \u0219i s\u0103 reac\u021bioneze \u00een mod eficient \u00een situa\u021bii de criz\u0103.<\/p>\n<p><a href=\"https:\/\/mhf.ro\/mm\/wp-content\/uploads\/2023\/04\/alpinism_2.jpg\"><img decoding=\"async\" class=\"alignnone size-medium wp-image-8949\" src=\"https:\/\/mhf.ro\/mm\/wp-content\/uploads\/2023\/04\/alpinism_2-300x199.jpg\" alt=\"\" width=\"300\" height=\"199\" srcset=\"https:\/\/mhf.ro\/mm\/wp-content\/uploads\/2023\/04\/alpinism_2-300x199.jpg 300w, https:\/\/mhf.ro\/mm\/wp-content\/uploads\/2023\/04\/alpinism_2-1024x680.jpg 1024w, https:\/\/mhf.ro\/mm\/wp-content\/uploads\/2023\/04\/alpinism_2-768x510.jpg 768w, https:\/\/mhf.ro\/mm\/wp-content\/uploads\/2023\/04\/alpinism_2.jpg 1280w\" sizes=\"(max-width: 300px) 100vw, 300px\" \/><\/a><\/p>\n<p>Echipamentul folosit \u00een alpinism este de asemenea foarte important. Acesta trebuie s\u0103 fie potrivit pentru condi\u021biile meteo \u0219i pentru terenul pe care alpini\u0219tii \u00eel vor \u00eent\u00e2lni. Echipamentul include haine adecvate, \u00eenc\u0103l\u021b\u0103minte special\u0103, cordaje \u0219i carabiniere, pioleti \u0219i coarde de asigurare, precum \u0219i echipament de protec\u021bie \u00eempotriva avalan\u0219elor.<\/p>\n<p>Alpinismul poate fi practicat \u00een diferite tipuri de terenuri, cum ar fi st\u00e2nc\u0103, ghea\u021b\u0103 sau z\u0103pad\u0103. Fiecare tip de teren are propriile sale cerin\u021be \u0219i tehnici speciale de c\u0103\u021b\u0103rare, iar alpini\u0219tii trebuie s\u0103 fie preg\u0103ti\u021bi pentru fiecare dintre aceste situa\u021bii.<\/p>\n<p>\u00cen ciuda riscurilor implicate, alpinismul este o activitate extrem de plin\u0103 de satisfac\u021bii \u0219i recompense. Atunci c\u00e2nd ajung la v\u00e2rful unei mun\u021bi, alpini\u0219tii au ocazia s\u0103 vad\u0103 peisaje spectaculoase \u0219i s\u0103 simt\u0103 o mare satisfac\u021bie personal\u0103 pentru realizarea lor.<\/p>\n<p>Cu toate acestea, alpinismul trebuie abordat cu mult\u0103 pruden\u021b\u0103 \u0219i respect pentru mediul \u00eenconjur\u0103tor. Este important s\u0103 se ia \u00een considerare impactul activit\u0103\u021bii asupra mediului \u0219i s\u0103 se ia m\u0103suri pentru a reduce acest impact. Alpini\u0219tii trebuie s\u0103 respecte legile \u0219i reglement\u0103rile locale \u0219i s\u0103 aib\u0103 grij\u0103 de natur\u0103 \u00een timpul activit\u0103\u021bii lor.<\/p>\n","protected":false},"excerpt":{"rendered":"<p>Alpinismul este o activitate sportiv\u0103 extrem\u0103, care presupune c\u0103\u021b\u0103rarea pe munte, \u00een special pe v\u00e2rfuri, prin utilizarea unor tehnici \u0219i<\/p>\n","protected":false},"author":1,"featured_media":8951,"comment_status":"open","ping_status":"open","sticky":false,"template":"","format":"standard","meta":{"colormag_page_container_layout":"default_layout","colormag_page_sidebar_layout":"default_layout","footnotes":""},"categories":[8,7],"tags":[],"class_list":["post-8948","post","type-post","status-publish","format-standard","has-post-thumbnail","hentry","category-div","category-nat"],"yoast_head":"<!-- This site is optimized with the Yoast SEO plugin v27.0 - https:\/\/yoast.com\/product\/yoast-seo-wordpress\/ -->\n<title>Alpinism - de la mic la mare - MHF Photography<\/title>\n<meta name=\"robots\" content=\"index, follow, max-snippet:-1, max-image-preview:large, max-video-preview:-1\" \/>\n<link rel=\"canonical\" href=\"https:\/\/mhf.ro\/mm\/alpinism-de-la-mic-la-mare\/\" \/>\n<meta property=\"og:locale\" content=\"ro_RO\" \/>\n<meta property=\"og:type\" content=\"article\" \/>\n<meta property=\"og:title\" content=\"Alpinism - de la mic la mare - MHF Photography\" \/>\n<meta property=\"og:description\" content=\"Alpinismul este o activitate sportiv\u0103 extrem\u0103, care presupune c\u0103\u021b\u0103rarea pe munte, \u00een special pe v\u00e2rfuri, prin utilizarea unor tehnici \u0219i\" \/>\n<meta property=\"og:url\" content=\"https:\/\/mhf.ro\/mm\/alpinism-de-la-mic-la-mare\/\" \/>\n<meta property=\"og:site_name\" content=\"MHF Photography\" \/>\n<meta property=\"article:published_time\" content=\"2023-04-10T13:51:22+00:00\" \/>\n<meta property=\"og:image\" content=\"https:\/\/mhf.ro\/mm\/wp-content\/uploads\/2023\/04\/alpinism_subplomba.jpg\" \/>\n\t<meta property=\"og:image:width\" content=\"1280\" \/>\n\t<meta property=\"og:image:height\" content=\"853\" \/>\n\t<meta property=\"og:image:type\" content=\"image\/jpeg\" \/>\n<meta name=\"author\" content=\"Marius Marcu\" \/>\n<meta name=\"twitter:card\" content=\"summary_large_image\" \/>\n<meta name=\"twitter:label1\" content=\"Scris de\" \/>\n\t<meta name=\"twitter:data1\" content=\"Marius Marcu\" \/>\n\t<meta name=\"twitter:label2\" content=\"Timp estimat pentru citire\" \/>\n\t<meta name=\"twitter:data2\" content=\"2 minute\" \/>\n<script type=\"application\/ld+json\" class=\"yoast-schema-graph\">{\"@context\":\"https:\/\/schema.org\",\"@graph\":[{\"@type\":\"Article\",\"@id\":\"https:\/\/mhf.ro\/mm\/alpinism-de-la-mic-la-mare\/#article\",\"isPartOf\":{\"@id\":\"https:\/\/mhf.ro\/mm\/alpinism-de-la-mic-la-mare\/\"},\"author\":{\"name\":\"Marius Marcu\",\"@id\":\"https:\/\/mhf.ro\/mm\/#\/schema\/person\/a3bebf7bdb4bf12f698aff73c7e46c21\"},\"headline\":\"Alpinism &#8211; de la mic la mare\",\"datePublished\":\"2023-04-10T13:51:22+00:00\",\"mainEntityOfPage\":{\"@id\":\"https:\/\/mhf.ro\/mm\/alpinism-de-la-mic-la-mare\/\"},\"wordCount\":388,\"commentCount\":0,\"publisher\":{\"@id\":\"https:\/\/mhf.ro\/mm\/#\/schema\/person\/a3bebf7bdb4bf12f698aff73c7e46c21\"},\"image\":{\"@id\":\"https:\/\/mhf.ro\/mm\/alpinism-de-la-mic-la-mare\/#primaryimage\"},\"thumbnailUrl\":\"https:\/\/mhf.ro\/mm\/wp-content\/uploads\/2023\/04\/alpinism_subplomba.jpg\",\"articleSection\":[\"Diverse\",\"Natura\"],\"inLanguage\":\"ro-RO\",\"potentialAction\":[{\"@type\":\"CommentAction\",\"name\":\"Comment\",\"target\":[\"https:\/\/mhf.ro\/mm\/alpinism-de-la-mic-la-mare\/#respond\"]}]},{\"@type\":\"WebPage\",\"@id\":\"https:\/\/mhf.ro\/mm\/alpinism-de-la-mic-la-mare\/\",\"url\":\"https:\/\/mhf.ro\/mm\/alpinism-de-la-mic-la-mare\/\",\"name\":\"Alpinism - de la mic la mare - MHF Photography\",\"isPartOf\":{\"@id\":\"https:\/\/mhf.ro\/mm\/#website\"},\"primaryImageOfPage\":{\"@id\":\"https:\/\/mhf.ro\/mm\/alpinism-de-la-mic-la-mare\/#primaryimage\"},\"image\":{\"@id\":\"https:\/\/mhf.ro\/mm\/alpinism-de-la-mic-la-mare\/#primaryimage\"},\"thumbnailUrl\":\"https:\/\/mhf.ro\/mm\/wp-content\/uploads\/2023\/04\/alpinism_subplomba.jpg\",\"datePublished\":\"2023-04-10T13:51:22+00:00\",\"breadcrumb\":{\"@id\":\"https:\/\/mhf.ro\/mm\/alpinism-de-la-mic-la-mare\/#breadcrumb\"},\"inLanguage\":\"ro-RO\",\"potentialAction\":[{\"@type\":\"ReadAction\",\"target\":[\"https:\/\/mhf.ro\/mm\/alpinism-de-la-mic-la-mare\/\"]}]},{\"@type\":\"ImageObject\",\"inLanguage\":\"ro-RO\",\"@id\":\"https:\/\/mhf.ro\/mm\/alpinism-de-la-mic-la-mare\/#primaryimage\",\"url\":\"https:\/\/mhf.ro\/mm\/wp-content\/uploads\/2023\/04\/alpinism_subplomba.jpg\",\"contentUrl\":\"https:\/\/mhf.ro\/mm\/wp-content\/uploads\/2023\/04\/alpinism_subplomba.jpg\",\"width\":1280,\"height\":853},{\"@type\":\"BreadcrumbList\",\"@id\":\"https:\/\/mhf.ro\/mm\/alpinism-de-la-mic-la-mare\/#breadcrumb\",\"itemListElement\":[{\"@type\":\"ListItem\",\"position\":1,\"name\":\"Prima pagin\u0103\",\"item\":\"https:\/\/mhf.ro\/mm\/\"},{\"@type\":\"ListItem\",\"position\":2,\"name\":\"Alpinism &#8211; de la mic la mare\"}]},{\"@type\":\"WebSite\",\"@id\":\"https:\/\/mhf.ro\/mm\/#website\",\"url\":\"https:\/\/mhf.ro\/mm\/\",\"name\":\"MHF Photography \u2013 Blog de fotografie, natur\u0103 \u0219i tehnic\u0103 divers\u0103\",\"description\":\"Aventur\u0103 \u00een fiecare cadru.\",\"publisher\":{\"@id\":\"https:\/\/mhf.ro\/mm\/#\/schema\/person\/a3bebf7bdb4bf12f698aff73c7e46c21\"},\"potentialAction\":[{\"@type\":\"SearchAction\",\"target\":{\"@type\":\"EntryPoint\",\"urlTemplate\":\"https:\/\/mhf.ro\/mm\/?s={search_term_string}\"},\"query-input\":{\"@type\":\"PropertyValueSpecification\",\"valueRequired\":true,\"valueName\":\"search_term_string\"}}],\"inLanguage\":\"ro-RO\"},{\"@type\":[\"Person\",\"Organization\"],\"@id\":\"https:\/\/mhf.ro\/mm\/#\/schema\/person\/a3bebf7bdb4bf12f698aff73c7e46c21\",\"name\":\"Marius Marcu\",\"image\":{\"@type\":\"ImageObject\",\"inLanguage\":\"ro-RO\",\"@id\":\"https:\/\/mhf.ro\/mm\/#\/schema\/person\/image\/\",\"url\":\"https:\/\/mhf.ro\/mm\/wp-content\/uploads\/2025\/12\/cropped-logo_mhf_2.png\",\"contentUrl\":\"https:\/\/mhf.ro\/mm\/wp-content\/uploads\/2025\/12\/cropped-logo_mhf_2.png\",\"width\":1096,\"height\":457,\"caption\":\"Marius Marcu\"},\"logo\":{\"@id\":\"https:\/\/mhf.ro\/mm\/#\/schema\/person\/image\/\"},\"sameAs\":[\"https:\/\/mhf.ro\/mm\"],\"url\":\"https:\/\/mhf.ro\/mm\/author\/mihai\/\"}]}<\/script>\n<!-- \/ Yoast SEO plugin. -->","yoast_head_json":{"title":"Alpinism - de la mic la mare - MHF Photography","robots":{"index":"index","follow":"follow","max-snippet":"max-snippet:-1","max-image-preview":"max-image-preview:large","max-video-preview":"max-video-preview:-1"},"canonical":"https:\/\/mhf.ro\/mm\/alpinism-de-la-mic-la-mare\/","og_locale":"ro_RO","og_type":"article","og_title":"Alpinism - de la mic la mare - MHF Photography","og_description":"Alpinismul este o activitate sportiv\u0103 extrem\u0103, care presupune c\u0103\u021b\u0103rarea pe munte, \u00een special pe v\u00e2rfuri, prin utilizarea unor tehnici \u0219i","og_url":"https:\/\/mhf.ro\/mm\/alpinism-de-la-mic-la-mare\/","og_site_name":"MHF Photography","article_published_time":"2023-04-10T13:51:22+00:00","og_image":[{"width":1280,"height":853,"url":"https:\/\/mhf.ro\/mm\/wp-content\/uploads\/2023\/04\/alpinism_subplomba.jpg","type":"image\/jpeg"}],"author":"Marius Marcu","twitter_card":"summary_large_image","twitter_misc":{"Scris de":"Marius Marcu","Timp estimat pentru citire":"2 minute"},"schema":{"@context":"https:\/\/schema.org","@graph":[{"@type":"Article","@id":"https:\/\/mhf.ro\/mm\/alpinism-de-la-mic-la-mare\/#article","isPartOf":{"@id":"https:\/\/mhf.ro\/mm\/alpinism-de-la-mic-la-mare\/"},"author":{"name":"Marius Marcu","@id":"https:\/\/mhf.ro\/mm\/#\/schema\/person\/a3bebf7bdb4bf12f698aff73c7e46c21"},"headline":"Alpinism &#8211; de la mic la mare","datePublished":"2023-04-10T13:51:22+00:00","mainEntityOfPage":{"@id":"https:\/\/mhf.ro\/mm\/alpinism-de-la-mic-la-mare\/"},"wordCount":388,"commentCount":0,"publisher":{"@id":"https:\/\/mhf.ro\/mm\/#\/schema\/person\/a3bebf7bdb4bf12f698aff73c7e46c21"},"image":{"@id":"https:\/\/mhf.ro\/mm\/alpinism-de-la-mic-la-mare\/#primaryimage"},"thumbnailUrl":"https:\/\/mhf.ro\/mm\/wp-content\/uploads\/2023\/04\/alpinism_subplomba.jpg","articleSection":["Diverse","Natura"],"inLanguage":"ro-RO","potentialAction":[{"@type":"CommentAction","name":"Comment","target":["https:\/\/mhf.ro\/mm\/alpinism-de-la-mic-la-mare\/#respond"]}]},{"@type":"WebPage","@id":"https:\/\/mhf.ro\/mm\/alpinism-de-la-mic-la-mare\/","url":"https:\/\/mhf.ro\/mm\/alpinism-de-la-mic-la-mare\/","name":"Alpinism - de la mic la mare - MHF Photography","isPartOf":{"@id":"https:\/\/mhf.ro\/mm\/#website"},"primaryImageOfPage":{"@id":"https:\/\/mhf.ro\/mm\/alpinism-de-la-mic-la-mare\/#primaryimage"},"image":{"@id":"https:\/\/mhf.ro\/mm\/alpinism-de-la-mic-la-mare\/#primaryimage"},"thumbnailUrl":"https:\/\/mhf.ro\/mm\/wp-content\/uploads\/2023\/04\/alpinism_subplomba.jpg","datePublished":"2023-04-10T13:51:22+00:00","breadcrumb":{"@id":"https:\/\/mhf.ro\/mm\/alpinism-de-la-mic-la-mare\/#breadcrumb"},"inLanguage":"ro-RO","potentialAction":[{"@type":"ReadAction","target":["https:\/\/mhf.ro\/mm\/alpinism-de-la-mic-la-mare\/"]}]},{"@type":"ImageObject","inLanguage":"ro-RO","@id":"https:\/\/mhf.ro\/mm\/alpinism-de-la-mic-la-mare\/#primaryimage","url":"https:\/\/mhf.ro\/mm\/wp-content\/uploads\/2023\/04\/alpinism_subplomba.jpg","contentUrl":"https:\/\/mhf.ro\/mm\/wp-content\/uploads\/2023\/04\/alpinism_subplomba.jpg","width":1280,"height":853},{"@type":"BreadcrumbList","@id":"https:\/\/mhf.ro\/mm\/alpinism-de-la-mic-la-mare\/#breadcrumb","itemListElement":[{"@type":"ListItem","position":1,"name":"Prima pagin\u0103","item":"https:\/\/mhf.ro\/mm\/"},{"@type":"ListItem","position":2,"name":"Alpinism &#8211; de la mic la mare"}]},{"@type":"WebSite","@id":"https:\/\/mhf.ro\/mm\/#website","url":"https:\/\/mhf.ro\/mm\/","name":"MHF Photography \u2013 Blog de fotografie, natur\u0103 \u0219i tehnic\u0103 divers\u0103","description":"Aventur\u0103 \u00een fiecare cadru.","publisher":{"@id":"https:\/\/mhf.ro\/mm\/#\/schema\/person\/a3bebf7bdb4bf12f698aff73c7e46c21"},"potentialAction":[{"@type":"SearchAction","target":{"@type":"EntryPoint","urlTemplate":"https:\/\/mhf.ro\/mm\/?s={search_term_string}"},"query-input":{"@type":"PropertyValueSpecification","valueRequired":true,"valueName":"search_term_string"}}],"inLanguage":"ro-RO"},{"@type":["Person","Organization"],"@id":"https:\/\/mhf.ro\/mm\/#\/schema\/person\/a3bebf7bdb4bf12f698aff73c7e46c21","name":"Marius Marcu","image":{"@type":"ImageObject","inLanguage":"ro-RO","@id":"https:\/\/mhf.ro\/mm\/#\/schema\/person\/image\/","url":"https:\/\/mhf.ro\/mm\/wp-content\/uploads\/2025\/12\/cropped-logo_mhf_2.png","contentUrl":"https:\/\/mhf.ro\/mm\/wp-content\/uploads\/2025\/12\/cropped-logo_mhf_2.png","width":1096,"height":457,"caption":"Marius Marcu"},"logo":{"@id":"https:\/\/mhf.ro\/mm\/#\/schema\/person\/image\/"},"sameAs":["https:\/\/mhf.ro\/mm"],"url":"https:\/\/mhf.ro\/mm\/author\/mihai\/"}]}},"_links":{"self":[{"href":"https:\/\/mhf.ro\/mm\/wp-json\/wp\/v2\/posts\/8948","targetHints":{"allow":["GET"]}}],"collection":[{"href":"https:\/\/mhf.ro\/mm\/wp-json\/wp\/v2\/posts"}],"about":[{"href":"https:\/\/mhf.ro\/mm\/wp-json\/wp\/v2\/types\/post"}],"author":[{"embeddable":true,"href":"https:\/\/mhf.ro\/mm\/wp-json\/wp\/v2\/users\/1"}],"replies":[{"embeddable":true,"href":"https:\/\/mhf.ro\/mm\/wp-json\/wp\/v2\/comments?post=8948"}],"version-history":[{"count":1,"href":"https:\/\/mhf.ro\/mm\/wp-json\/wp\/v2\/posts\/8948\/revisions"}],"predecessor-version":[{"id":8952,"href":"https:\/\/mhf.ro\/mm\/wp-json\/wp\/v2\/posts\/8948\/revisions\/8952"}],"wp:featuredmedia":[{"embeddable":true,"href":"https:\/\/mhf.ro\/mm\/wp-json\/wp\/v2\/media\/8951"}],"wp:attachment":[{"href":"https:\/\/mhf.ro\/mm\/wp-json\/wp\/v2\/media?parent=8948"}],"wp:term":[{"taxonomy":"category","embeddable":true,"href":"https:\/\/mhf.ro\/mm\/wp-json\/wp\/v2\/categories?post=8948"},{"taxonomy":"post_tag","embeddable":true,"href":"https:\/\/mhf.ro\/mm\/wp-json\/wp\/v2\/tags?post=8948"}],"curies":[{"name":"wp","href":"https:\/\/api.w.org\/{rel}","templated":true}]}}