{"id":9002,"date":"2023-04-12T11:05:16","date_gmt":"2023-04-12T09:05:16","guid":{"rendered":"https:\/\/mhf.ro\/mm\/?p=9002"},"modified":"2023-04-13T21:09:19","modified_gmt":"2023-04-13T19:09:19","slug":"sarbatorile-pascale","status":"publish","type":"post","link":"https:\/\/mhf.ro\/mm\/sarbatorile-pascale\/","title":{"rendered":"S\u0103rb\u0103torile pascale"},"content":{"rendered":"<p>Cu siguran\u021b\u0103, s\u0103rb\u0103toarea Pa\u0219telui este una dintre cele mai importante \u0219i mai a\u0219teptate s\u0103rb\u0103tori cre\u0219tine, s\u0103rb\u0103torit\u0103 \u00een \u00eentreaga lume. Pa\u0219tele este o s\u0103rb\u0103toare plin\u0103 de semnifica\u021bii religioase \u0219i tradi\u021bii culturale, care variaz\u0103 de la \u021bar\u0103 la \u021bar\u0103 \u0219i de la cultur\u0103 la cultur\u0103.<\/p>\n<p><a href=\"https:\/\/mhf.ro\/mm\/wp-content\/uploads\/2023\/04\/pasti_2.jpg\"><img fetchpriority=\"high\" decoding=\"async\" class=\"alignnone size-medium wp-image-9006\" src=\"https:\/\/mhf.ro\/mm\/wp-content\/uploads\/2023\/04\/pasti_2-300x200.jpg\" alt=\"\" width=\"300\" height=\"200\" srcset=\"https:\/\/mhf.ro\/mm\/wp-content\/uploads\/2023\/04\/pasti_2-300x200.jpg 300w, https:\/\/mhf.ro\/mm\/wp-content\/uploads\/2023\/04\/pasti_2-1024x684.jpg 1024w, https:\/\/mhf.ro\/mm\/wp-content\/uploads\/2023\/04\/pasti_2-768x513.jpg 768w, https:\/\/mhf.ro\/mm\/wp-content\/uploads\/2023\/04\/pasti_2.jpg 1280w\" sizes=\"(max-width: 300px) 100vw, 300px\" \/><\/a><\/p>\n<p>S\u0103rb\u0103toarea Pa\u0219telui este celebrat\u0103 \u00een fiecare an \u00een prima duminic\u0103 dup\u0103 prima lun\u0103 plin\u0103 de prim\u0103var\u0103, sau \u00een jurul acestei date. \u00cen calendarul cre\u0219tin ortodox, Pa\u0219tele este cea mai important\u0103 s\u0103rb\u0103toare \u0219i este celebrat\u0103 \u00eentr-un mod special, diferit de cel al s\u0103rb\u0103torii cre\u0219tine occidentale.<\/p>\n<p>Pa\u0219tele reprezint\u0103 \u00een primul r\u00e2nd rena\u0219terea spiritual\u0103, iar preg\u0103tirea pentru aceast\u0103 s\u0103rb\u0103toare \u00eencepe cu postul Pa\u0219telui, care dureaz\u0103 40 de zile. \u00cen aceast\u0103 perioad\u0103, credincio\u0219ii se ab\u021bin de la m\u00e2nc\u0103ruri bogate \u00een gr\u0103simi \u0219i carne, evit\u0103 consumul de alcool \u0219i \u00eencearc\u0103 s\u0103 se concentreze pe rug\u0103ciune \u0219i medita\u021bie.<\/p>\n<p><a href=\"https:\/\/mhf.ro\/mm\/wp-content\/uploads\/2023\/04\/pasti_4.jpg\"><img decoding=\"async\" class=\"alignnone size-medium wp-image-9008\" src=\"https:\/\/mhf.ro\/mm\/wp-content\/uploads\/2023\/04\/pasti_4-300x200.jpg\" alt=\"\" width=\"300\" height=\"200\" srcset=\"https:\/\/mhf.ro\/mm\/wp-content\/uploads\/2023\/04\/pasti_4-300x200.jpg 300w, https:\/\/mhf.ro\/mm\/wp-content\/uploads\/2023\/04\/pasti_4-1024x683.jpg 1024w, https:\/\/mhf.ro\/mm\/wp-content\/uploads\/2023\/04\/pasti_4-768x512.jpg 768w, https:\/\/mhf.ro\/mm\/wp-content\/uploads\/2023\/04\/pasti_4.jpg 1280w\" sizes=\"(max-width: 300px) 100vw, 300px\" \/><\/a><\/p>\n<p>\u00cen s\u0103pt\u0103m\u00e2na mare, \u00eenaintea Pa\u0219telui, credincio\u0219ii merg la biseric\u0103 pentru a asculta slujbele speciale de la ora\u0219e, iar \u00een Joia Mare se s\u0103v\u00e2r\u0219e\u0219te Sf\u00e2nta Liturghie a Cinei celei de Tain\u0103. \u00cen Vinerea Mare, este s\u0103rb\u0103torit\u0103 Patimile Domnului, iar \u00een noaptea de S\u00e2mb\u0103t\u0103, cre\u0219tinii se adun\u0103 \u00een biserici pentru a s\u0103rb\u0103tori \u00cenvierea lui Iisus Hristos.<\/p>\n<p><a href=\"https:\/\/mhf.ro\/mm\/wp-content\/uploads\/2023\/04\/pasti_1.jpg\"><img decoding=\"async\" class=\"alignnone size-medium wp-image-9005\" src=\"https:\/\/mhf.ro\/mm\/wp-content\/uploads\/2023\/04\/pasti_1-300x200.jpg\" alt=\"\" width=\"300\" height=\"200\" srcset=\"https:\/\/mhf.ro\/mm\/wp-content\/uploads\/2023\/04\/pasti_1-300x200.jpg 300w, https:\/\/mhf.ro\/mm\/wp-content\/uploads\/2023\/04\/pasti_1-1024x682.jpg 1024w, https:\/\/mhf.ro\/mm\/wp-content\/uploads\/2023\/04\/pasti_1-768x512.jpg 768w, https:\/\/mhf.ro\/mm\/wp-content\/uploads\/2023\/04\/pasti_1.jpg 1280w\" sizes=\"(max-width: 300px) 100vw, 300px\" \/><\/a><\/p>\n<p>Tradi\u021biile Pascale sunt diferite de la o \u021bar\u0103 la alta \u0219i de la o regiune la alta. \u00cen unele \u021b\u0103ri, obiceiurile se refer\u0103 la aspectul religios, iar \u00een altele, tradi\u021biile sunt mai mult legate de cultura popular\u0103. \u00cen Rom\u00e2nia, de exemplu, obiceiurile populare legate de Pa\u0219te includ \u00eencondeiatul ou\u0103lor, preg\u0103tirea cozonacului \u0219i a pascalei, dar \u0219i tradi\u021bia de a \u00eemp\u0103r\u021bi cu cei dragi ou\u0103 ro\u0219ii \u0219i cozonac.<\/p>\n<p><a href=\"https:\/\/mhf.ro\/mm\/wp-content\/uploads\/2023\/04\/pasti_3.jpg\"><img loading=\"lazy\" decoding=\"async\" class=\"alignnone wp-image-9007 size-medium\" src=\"https:\/\/mhf.ro\/mm\/wp-content\/uploads\/2023\/04\/pasti_3-300x225.jpg\" alt=\"\" width=\"300\" height=\"225\" srcset=\"https:\/\/mhf.ro\/mm\/wp-content\/uploads\/2023\/04\/pasti_3-300x225.jpg 300w, https:\/\/mhf.ro\/mm\/wp-content\/uploads\/2023\/04\/pasti_3-1024x768.jpg 1024w, https:\/\/mhf.ro\/mm\/wp-content\/uploads\/2023\/04\/pasti_3-768x576.jpg 768w, https:\/\/mhf.ro\/mm\/wp-content\/uploads\/2023\/04\/pasti_3.jpg 1280w\" sizes=\"(max-width: 300px) 100vw, 300px\" \/><\/a><\/p>\n<p>\u00cen multe \u021b\u0103ri, Pa\u0219tele este o s\u0103rb\u0103toare \u00een care se m\u0103n\u00e2nc\u0103 mult \u0219i bine, iar felurile de m\u00e2ncare tradi\u021bionale includ cozonacul, ou\u0103le vopsite, carnea de miel, sarmalele \u0219i multe alte m\u00e2nc\u0103ruri delicioase.<\/p>\n<p>\u00cen concluzie, s\u0103rb\u0103toarea Pa\u0219telui este o s\u0103rb\u0103toare important\u0103 pentru cre\u0219tini din \u00eentreaga lume, o s\u0103rb\u0103toare care reprezint\u0103 speran\u021ba \u0219i rena\u0219terea spiritual\u0103. \u00cen plus, este o ocazie minunat\u0103 de a petrece timpul cu familia \u0219i prietenii, de a m\u00e2nca \u00eempreun\u0103 \u0219i de a participa la tradi\u021biile \u0219i obiceiurile specifice acestei s\u0103rb\u0103tori.<\/p>\n","protected":false},"excerpt":{"rendered":"<p>Cu siguran\u021b\u0103, s\u0103rb\u0103toarea Pa\u0219telui este una dintre cele mai importante \u0219i mai a\u0219teptate s\u0103rb\u0103tori cre\u0219tine, s\u0103rb\u0103torit\u0103 \u00een \u00eentreaga lume. Pa\u0219tele<\/p>\n","protected":false},"author":1,"featured_media":9003,"comment_status":"open","ping_status":"open","sticky":false,"template":"","format":"standard","meta":{"colormag_page_container_layout":"default_layout","colormag_page_sidebar_layout":"default_layout","footnotes":""},"categories":[5],"tags":[],"class_list":["post-9002","post","type-post","status-publish","format-standard","has-post-thumbnail","hentry","category-locale"],"yoast_head":"<!-- This site is optimized with the Yoast SEO plugin v27.0 - https:\/\/yoast.com\/product\/yoast-seo-wordpress\/ -->\n<title>S\u0103rb\u0103torile pascale - MHF Photography<\/title>\n<meta name=\"robots\" content=\"index, follow, max-snippet:-1, max-image-preview:large, max-video-preview:-1\" \/>\n<link rel=\"canonical\" href=\"https:\/\/mhf.ro\/mm\/sarbatorile-pascale\/\" \/>\n<meta property=\"og:locale\" content=\"ro_RO\" \/>\n<meta property=\"og:type\" content=\"article\" \/>\n<meta property=\"og:title\" content=\"S\u0103rb\u0103torile pascale - MHF Photography\" \/>\n<meta property=\"og:description\" content=\"Cu siguran\u021b\u0103, s\u0103rb\u0103toarea Pa\u0219telui este una dintre cele mai importante \u0219i mai a\u0219teptate s\u0103rb\u0103tori cre\u0219tine, s\u0103rb\u0103torit\u0103 \u00een \u00eentreaga lume. Pa\u0219tele\" \/>\n<meta property=\"og:url\" content=\"https:\/\/mhf.ro\/mm\/sarbatorile-pascale\/\" \/>\n<meta property=\"og:site_name\" content=\"MHF Photography\" \/>\n<meta property=\"article:published_time\" content=\"2023-04-12T09:05:16+00:00\" \/>\n<meta property=\"article:modified_time\" content=\"2023-04-13T19:09:19+00:00\" \/>\n<meta property=\"og:image\" content=\"https:\/\/mhf.ro\/mm\/wp-content\/uploads\/2023\/04\/isus_1.jpg\" \/>\n\t<meta property=\"og:image:width\" content=\"1280\" \/>\n\t<meta property=\"og:image:height\" content=\"852\" \/>\n\t<meta property=\"og:image:type\" content=\"image\/jpeg\" \/>\n<meta name=\"author\" content=\"Marius Marcu\" \/>\n<meta name=\"twitter:card\" content=\"summary_large_image\" \/>\n<meta name=\"twitter:label1\" content=\"Scris de\" \/>\n\t<meta name=\"twitter:data1\" content=\"Marius Marcu\" \/>\n\t<meta name=\"twitter:label2\" content=\"Timp estimat pentru citire\" \/>\n\t<meta name=\"twitter:data2\" content=\"2 minute\" \/>\n<script type=\"application\/ld+json\" class=\"yoast-schema-graph\">{\"@context\":\"https:\/\/schema.org\",\"@graph\":[{\"@type\":\"Article\",\"@id\":\"https:\/\/mhf.ro\/mm\/sarbatorile-pascale\/#article\",\"isPartOf\":{\"@id\":\"https:\/\/mhf.ro\/mm\/sarbatorile-pascale\/\"},\"author\":{\"name\":\"Marius Marcu\",\"@id\":\"https:\/\/mhf.ro\/mm\/#\/schema\/person\/a3bebf7bdb4bf12f698aff73c7e46c21\"},\"headline\":\"S\u0103rb\u0103torile pascale\",\"datePublished\":\"2023-04-12T09:05:16+00:00\",\"dateModified\":\"2023-04-13T19:09:19+00:00\",\"mainEntityOfPage\":{\"@id\":\"https:\/\/mhf.ro\/mm\/sarbatorile-pascale\/\"},\"wordCount\":432,\"commentCount\":0,\"publisher\":{\"@id\":\"https:\/\/mhf.ro\/mm\/#\/schema\/person\/a3bebf7bdb4bf12f698aff73c7e46c21\"},\"image\":{\"@id\":\"https:\/\/mhf.ro\/mm\/sarbatorile-pascale\/#primaryimage\"},\"thumbnailUrl\":\"https:\/\/mhf.ro\/mm\/wp-content\/uploads\/2023\/04\/isus_1.jpg\",\"articleSection\":[\"Locale\"],\"inLanguage\":\"ro-RO\",\"potentialAction\":[{\"@type\":\"CommentAction\",\"name\":\"Comment\",\"target\":[\"https:\/\/mhf.ro\/mm\/sarbatorile-pascale\/#respond\"]}]},{\"@type\":\"WebPage\",\"@id\":\"https:\/\/mhf.ro\/mm\/sarbatorile-pascale\/\",\"url\":\"https:\/\/mhf.ro\/mm\/sarbatorile-pascale\/\",\"name\":\"S\u0103rb\u0103torile pascale - MHF Photography\",\"isPartOf\":{\"@id\":\"https:\/\/mhf.ro\/mm\/#website\"},\"primaryImageOfPage\":{\"@id\":\"https:\/\/mhf.ro\/mm\/sarbatorile-pascale\/#primaryimage\"},\"image\":{\"@id\":\"https:\/\/mhf.ro\/mm\/sarbatorile-pascale\/#primaryimage\"},\"thumbnailUrl\":\"https:\/\/mhf.ro\/mm\/wp-content\/uploads\/2023\/04\/isus_1.jpg\",\"datePublished\":\"2023-04-12T09:05:16+00:00\",\"dateModified\":\"2023-04-13T19:09:19+00:00\",\"breadcrumb\":{\"@id\":\"https:\/\/mhf.ro\/mm\/sarbatorile-pascale\/#breadcrumb\"},\"inLanguage\":\"ro-RO\",\"potentialAction\":[{\"@type\":\"ReadAction\",\"target\":[\"https:\/\/mhf.ro\/mm\/sarbatorile-pascale\/\"]}]},{\"@type\":\"ImageObject\",\"inLanguage\":\"ro-RO\",\"@id\":\"https:\/\/mhf.ro\/mm\/sarbatorile-pascale\/#primaryimage\",\"url\":\"https:\/\/mhf.ro\/mm\/wp-content\/uploads\/2023\/04\/isus_1.jpg\",\"contentUrl\":\"https:\/\/mhf.ro\/mm\/wp-content\/uploads\/2023\/04\/isus_1.jpg\",\"width\":1280,\"height\":852},{\"@type\":\"BreadcrumbList\",\"@id\":\"https:\/\/mhf.ro\/mm\/sarbatorile-pascale\/#breadcrumb\",\"itemListElement\":[{\"@type\":\"ListItem\",\"position\":1,\"name\":\"Prima pagin\u0103\",\"item\":\"https:\/\/mhf.ro\/mm\/\"},{\"@type\":\"ListItem\",\"position\":2,\"name\":\"S\u0103rb\u0103torile pascale\"}]},{\"@type\":\"WebSite\",\"@id\":\"https:\/\/mhf.ro\/mm\/#website\",\"url\":\"https:\/\/mhf.ro\/mm\/\",\"name\":\"MHF Photography \u2013 Blog de fotografie, natur\u0103 \u0219i tehnic\u0103 divers\u0103\",\"description\":\"Aventur\u0103 \u00een fiecare cadru.\",\"publisher\":{\"@id\":\"https:\/\/mhf.ro\/mm\/#\/schema\/person\/a3bebf7bdb4bf12f698aff73c7e46c21\"},\"potentialAction\":[{\"@type\":\"SearchAction\",\"target\":{\"@type\":\"EntryPoint\",\"urlTemplate\":\"https:\/\/mhf.ro\/mm\/?s={search_term_string}\"},\"query-input\":{\"@type\":\"PropertyValueSpecification\",\"valueRequired\":true,\"valueName\":\"search_term_string\"}}],\"inLanguage\":\"ro-RO\"},{\"@type\":[\"Person\",\"Organization\"],\"@id\":\"https:\/\/mhf.ro\/mm\/#\/schema\/person\/a3bebf7bdb4bf12f698aff73c7e46c21\",\"name\":\"Marius Marcu\",\"image\":{\"@type\":\"ImageObject\",\"inLanguage\":\"ro-RO\",\"@id\":\"https:\/\/mhf.ro\/mm\/#\/schema\/person\/image\/\",\"url\":\"https:\/\/mhf.ro\/mm\/wp-content\/uploads\/2025\/12\/cropped-logo_mhf_2.png\",\"contentUrl\":\"https:\/\/mhf.ro\/mm\/wp-content\/uploads\/2025\/12\/cropped-logo_mhf_2.png\",\"width\":1096,\"height\":457,\"caption\":\"Marius Marcu\"},\"logo\":{\"@id\":\"https:\/\/mhf.ro\/mm\/#\/schema\/person\/image\/\"},\"sameAs\":[\"https:\/\/mhf.ro\/mm\"],\"url\":\"https:\/\/mhf.ro\/mm\/author\/mihai\/\"}]}<\/script>\n<!-- \/ Yoast SEO plugin. -->","yoast_head_json":{"title":"S\u0103rb\u0103torile pascale - MHF Photography","robots":{"index":"index","follow":"follow","max-snippet":"max-snippet:-1","max-image-preview":"max-image-preview:large","max-video-preview":"max-video-preview:-1"},"canonical":"https:\/\/mhf.ro\/mm\/sarbatorile-pascale\/","og_locale":"ro_RO","og_type":"article","og_title":"S\u0103rb\u0103torile pascale - MHF Photography","og_description":"Cu siguran\u021b\u0103, s\u0103rb\u0103toarea Pa\u0219telui este una dintre cele mai importante \u0219i mai a\u0219teptate s\u0103rb\u0103tori cre\u0219tine, s\u0103rb\u0103torit\u0103 \u00een \u00eentreaga lume. Pa\u0219tele","og_url":"https:\/\/mhf.ro\/mm\/sarbatorile-pascale\/","og_site_name":"MHF Photography","article_published_time":"2023-04-12T09:05:16+00:00","article_modified_time":"2023-04-13T19:09:19+00:00","og_image":[{"width":1280,"height":852,"url":"https:\/\/mhf.ro\/mm\/wp-content\/uploads\/2023\/04\/isus_1.jpg","type":"image\/jpeg"}],"author":"Marius Marcu","twitter_card":"summary_large_image","twitter_misc":{"Scris de":"Marius Marcu","Timp estimat pentru citire":"2 minute"},"schema":{"@context":"https:\/\/schema.org","@graph":[{"@type":"Article","@id":"https:\/\/mhf.ro\/mm\/sarbatorile-pascale\/#article","isPartOf":{"@id":"https:\/\/mhf.ro\/mm\/sarbatorile-pascale\/"},"author":{"name":"Marius Marcu","@id":"https:\/\/mhf.ro\/mm\/#\/schema\/person\/a3bebf7bdb4bf12f698aff73c7e46c21"},"headline":"S\u0103rb\u0103torile pascale","datePublished":"2023-04-12T09:05:16+00:00","dateModified":"2023-04-13T19:09:19+00:00","mainEntityOfPage":{"@id":"https:\/\/mhf.ro\/mm\/sarbatorile-pascale\/"},"wordCount":432,"commentCount":0,"publisher":{"@id":"https:\/\/mhf.ro\/mm\/#\/schema\/person\/a3bebf7bdb4bf12f698aff73c7e46c21"},"image":{"@id":"https:\/\/mhf.ro\/mm\/sarbatorile-pascale\/#primaryimage"},"thumbnailUrl":"https:\/\/mhf.ro\/mm\/wp-content\/uploads\/2023\/04\/isus_1.jpg","articleSection":["Locale"],"inLanguage":"ro-RO","potentialAction":[{"@type":"CommentAction","name":"Comment","target":["https:\/\/mhf.ro\/mm\/sarbatorile-pascale\/#respond"]}]},{"@type":"WebPage","@id":"https:\/\/mhf.ro\/mm\/sarbatorile-pascale\/","url":"https:\/\/mhf.ro\/mm\/sarbatorile-pascale\/","name":"S\u0103rb\u0103torile pascale - MHF Photography","isPartOf":{"@id":"https:\/\/mhf.ro\/mm\/#website"},"primaryImageOfPage":{"@id":"https:\/\/mhf.ro\/mm\/sarbatorile-pascale\/#primaryimage"},"image":{"@id":"https:\/\/mhf.ro\/mm\/sarbatorile-pascale\/#primaryimage"},"thumbnailUrl":"https:\/\/mhf.ro\/mm\/wp-content\/uploads\/2023\/04\/isus_1.jpg","datePublished":"2023-04-12T09:05:16+00:00","dateModified":"2023-04-13T19:09:19+00:00","breadcrumb":{"@id":"https:\/\/mhf.ro\/mm\/sarbatorile-pascale\/#breadcrumb"},"inLanguage":"ro-RO","potentialAction":[{"@type":"ReadAction","target":["https:\/\/mhf.ro\/mm\/sarbatorile-pascale\/"]}]},{"@type":"ImageObject","inLanguage":"ro-RO","@id":"https:\/\/mhf.ro\/mm\/sarbatorile-pascale\/#primaryimage","url":"https:\/\/mhf.ro\/mm\/wp-content\/uploads\/2023\/04\/isus_1.jpg","contentUrl":"https:\/\/mhf.ro\/mm\/wp-content\/uploads\/2023\/04\/isus_1.jpg","width":1280,"height":852},{"@type":"BreadcrumbList","@id":"https:\/\/mhf.ro\/mm\/sarbatorile-pascale\/#breadcrumb","itemListElement":[{"@type":"ListItem","position":1,"name":"Prima pagin\u0103","item":"https:\/\/mhf.ro\/mm\/"},{"@type":"ListItem","position":2,"name":"S\u0103rb\u0103torile pascale"}]},{"@type":"WebSite","@id":"https:\/\/mhf.ro\/mm\/#website","url":"https:\/\/mhf.ro\/mm\/","name":"MHF Photography \u2013 Blog de fotografie, natur\u0103 \u0219i tehnic\u0103 divers\u0103","description":"Aventur\u0103 \u00een fiecare cadru.","publisher":{"@id":"https:\/\/mhf.ro\/mm\/#\/schema\/person\/a3bebf7bdb4bf12f698aff73c7e46c21"},"potentialAction":[{"@type":"SearchAction","target":{"@type":"EntryPoint","urlTemplate":"https:\/\/mhf.ro\/mm\/?s={search_term_string}"},"query-input":{"@type":"PropertyValueSpecification","valueRequired":true,"valueName":"search_term_string"}}],"inLanguage":"ro-RO"},{"@type":["Person","Organization"],"@id":"https:\/\/mhf.ro\/mm\/#\/schema\/person\/a3bebf7bdb4bf12f698aff73c7e46c21","name":"Marius Marcu","image":{"@type":"ImageObject","inLanguage":"ro-RO","@id":"https:\/\/mhf.ro\/mm\/#\/schema\/person\/image\/","url":"https:\/\/mhf.ro\/mm\/wp-content\/uploads\/2025\/12\/cropped-logo_mhf_2.png","contentUrl":"https:\/\/mhf.ro\/mm\/wp-content\/uploads\/2025\/12\/cropped-logo_mhf_2.png","width":1096,"height":457,"caption":"Marius Marcu"},"logo":{"@id":"https:\/\/mhf.ro\/mm\/#\/schema\/person\/image\/"},"sameAs":["https:\/\/mhf.ro\/mm"],"url":"https:\/\/mhf.ro\/mm\/author\/mihai\/"}]}},"_links":{"self":[{"href":"https:\/\/mhf.ro\/mm\/wp-json\/wp\/v2\/posts\/9002","targetHints":{"allow":["GET"]}}],"collection":[{"href":"https:\/\/mhf.ro\/mm\/wp-json\/wp\/v2\/posts"}],"about":[{"href":"https:\/\/mhf.ro\/mm\/wp-json\/wp\/v2\/types\/post"}],"author":[{"embeddable":true,"href":"https:\/\/mhf.ro\/mm\/wp-json\/wp\/v2\/users\/1"}],"replies":[{"embeddable":true,"href":"https:\/\/mhf.ro\/mm\/wp-json\/wp\/v2\/comments?post=9002"}],"version-history":[{"count":1,"href":"https:\/\/mhf.ro\/mm\/wp-json\/wp\/v2\/posts\/9002\/revisions"}],"predecessor-version":[{"id":9009,"href":"https:\/\/mhf.ro\/mm\/wp-json\/wp\/v2\/posts\/9002\/revisions\/9009"}],"wp:featuredmedia":[{"embeddable":true,"href":"https:\/\/mhf.ro\/mm\/wp-json\/wp\/v2\/media\/9003"}],"wp:attachment":[{"href":"https:\/\/mhf.ro\/mm\/wp-json\/wp\/v2\/media?parent=9002"}],"wp:term":[{"taxonomy":"category","embeddable":true,"href":"https:\/\/mhf.ro\/mm\/wp-json\/wp\/v2\/categories?post=9002"},{"taxonomy":"post_tag","embeddable":true,"href":"https:\/\/mhf.ro\/mm\/wp-json\/wp\/v2\/tags?post=9002"}],"curies":[{"name":"wp","href":"https:\/\/api.w.org\/{rel}","templated":true}]}}