{"id":9011,"date":"2023-04-15T09:04:10","date_gmt":"2023-04-15T07:04:10","guid":{"rendered":"https:\/\/mhf.ro\/mm\/?p=9011"},"modified":"2023-04-15T08:52:54","modified_gmt":"2023-04-15T06:52:54","slug":"pilda-omului-sarac","status":"publish","type":"post","link":"https:\/\/mhf.ro\/mm\/pilda-omului-sarac\/","title":{"rendered":"Pilda omului s\u0103rac"},"content":{"rendered":"<div class=\"flex flex-grow flex-col gap-3\">\n<div class=\"min-h-[20px] flex flex-col items-start gap-4 whitespace-pre-wrap\">\n<div class=\"markdown prose w-full break-words dark:prose-invert light\">\n<h4><strong>\u00centr-un sat tr\u0103ia odat\u0103 un om foarte s\u0103rac, numit Ion. <\/strong><\/h4>\n<p>El avea o familie numeroas\u0103 \u0219i nu avea suficient\u0103 hran\u0103 pentru to\u021bi. \u00centr-o zi, \u00een timp ce mergea la biseric\u0103, Ion a auzit preotul vorbind despre post \u0219i despre cum acesta poate aduce binecuv\u00e2nt\u0103ri \u00een via\u021ba noastr\u0103.\u00a0Inspirat de cuvintele preotului, Ion a decis s\u0103 \u00eenceap\u0103 postul, chiar dac\u0103 nu avea mult\u0103 m\u00e2ncare. \u00cen fiecare zi, el m\u00e2nca doar o bucat\u0103 mic\u0103 de p\u00e2ine \u0219i un pahar de ap\u0103. \u00cen ciuda faptului c\u0103 acest lucru \u00eei provoca adesea dureri de stomac \u0219i oboseal\u0103, Ion a r\u0103mas hot\u0103r\u00e2t s\u0103 continue postul.<\/p>\n<p><a href=\"https:\/\/mhf.ro\/mm\/wp-content\/uploads\/2023\/04\/om_sarac2.jpg\"><img fetchpriority=\"high\" decoding=\"async\" class=\"alignnone size-medium wp-image-9013\" src=\"https:\/\/mhf.ro\/mm\/wp-content\/uploads\/2023\/04\/om_sarac2-300x191.jpg\" alt=\"\" width=\"300\" height=\"191\" srcset=\"https:\/\/mhf.ro\/mm\/wp-content\/uploads\/2023\/04\/om_sarac2-300x191.jpg 300w, https:\/\/mhf.ro\/mm\/wp-content\/uploads\/2023\/04\/om_sarac2-1024x653.jpg 1024w, https:\/\/mhf.ro\/mm\/wp-content\/uploads\/2023\/04\/om_sarac2-768x490.jpg 768w, https:\/\/mhf.ro\/mm\/wp-content\/uploads\/2023\/04\/om_sarac2.jpg 1280w\" sizes=\"(max-width: 300px) 100vw, 300px\" \/><\/a><\/p>\n<p>Dup\u0103 c\u00e2teva s\u0103pt\u0103m\u00e2ni de post, Ion a primit o veste nea\u0219teptat\u0103. Un vecin bogat, care nu-l pl\u0103cea prea mult, a venit la el \u0219i i-a oferit un loc de munc\u0103 bine pl\u0103tit la ferma lui. Ion a acceptat cu bucurie \u0219i a \u00eenceput s\u0103 lucreze din greu, c\u00e2\u0219tig\u00e2nd astfel mai mul\u021bi bani dec\u00e2t \u00eenainte.\u00a0\u00cen scurt timp, familia lui Ion a \u00eenceput s\u0103 se bucure de mai mult\u0103 hran\u0103 \u0219i confort, iar el \u00eensu\u0219i a devenit mai puternic \u0219i mai s\u0103n\u0103tos. \u00cen cele din urm\u0103, Ion a realizat c\u0103 postul nu este doar o form\u0103 de abstinen\u021b\u0103, ci \u0219i o modalitate de a-\u021bi cur\u0103\u021ba mintea \u0219i de a te apropia de Dumnezeu.<\/p>\n<p>Aceast\u0103 pild\u0103 ne \u00eenva\u021b\u0103 c\u0103 postul nu este doar o tradi\u021bie religioas\u0103, ci \u0219i o modalitate de a-\u021bi \u00eembun\u0103t\u0103\u021bi via\u021ba. Prin renun\u021barea la alimentele \u0219i obiceiurile nocive, putem ajunge la o stare mai bun\u0103 de s\u0103n\u0103tate, dar \u0219i la o mai mare conectare spiritual\u0103 cu noi \u00een\u0219ine \u0219i cu lumea din jurul nostru.<\/p>\n<\/div>\n<\/div>\n<\/div>\n","protected":false},"excerpt":{"rendered":"<p>\u00centr-un sat tr\u0103ia odat\u0103 un om foarte s\u0103rac, numit Ion. El avea o familie numeroas\u0103 \u0219i nu avea suficient\u0103 hran\u0103<\/p>\n","protected":false},"author":1,"featured_media":9012,"comment_status":"open","ping_status":"open","sticky":false,"template":"","format":"standard","meta":{"colormag_page_container_layout":"default_layout","colormag_page_sidebar_layout":"default_layout","footnotes":""},"categories":[8],"tags":[],"class_list":["post-9011","post","type-post","status-publish","format-standard","has-post-thumbnail","hentry","category-div"],"yoast_head":"<!-- This site is optimized with the Yoast SEO plugin v27.0 - https:\/\/yoast.com\/product\/yoast-seo-wordpress\/ -->\n<title>Pilda omului s\u0103rac - MHF Photography<\/title>\n<meta name=\"robots\" content=\"index, follow, max-snippet:-1, max-image-preview:large, max-video-preview:-1\" \/>\n<link rel=\"canonical\" href=\"https:\/\/mhf.ro\/mm\/pilda-omului-sarac\/\" \/>\n<meta property=\"og:locale\" content=\"ro_RO\" \/>\n<meta property=\"og:type\" content=\"article\" \/>\n<meta property=\"og:title\" content=\"Pilda omului s\u0103rac - MHF Photography\" \/>\n<meta property=\"og:description\" content=\"\u00centr-un sat tr\u0103ia odat\u0103 un om foarte s\u0103rac, numit Ion. El avea o familie numeroas\u0103 \u0219i nu avea suficient\u0103 hran\u0103\" \/>\n<meta property=\"og:url\" content=\"https:\/\/mhf.ro\/mm\/pilda-omului-sarac\/\" \/>\n<meta property=\"og:site_name\" content=\"MHF Photography\" \/>\n<meta property=\"article:published_time\" content=\"2023-04-15T07:04:10+00:00\" \/>\n<meta property=\"og:image\" content=\"https:\/\/mhf.ro\/mm\/wp-content\/uploads\/2023\/04\/om_sarac.jpg\" \/>\n\t<meta property=\"og:image:width\" content=\"1280\" \/>\n\t<meta property=\"og:image:height\" content=\"853\" \/>\n\t<meta property=\"og:image:type\" content=\"image\/jpeg\" \/>\n<meta name=\"author\" content=\"Marius Marcu\" \/>\n<meta name=\"twitter:card\" content=\"summary_large_image\" \/>\n<meta name=\"twitter:label1\" content=\"Scris de\" \/>\n\t<meta name=\"twitter:data1\" content=\"Marius Marcu\" \/>\n\t<meta name=\"twitter:label2\" content=\"Timp estimat pentru citire\" \/>\n\t<meta name=\"twitter:data2\" content=\"2 minute\" \/>\n<script type=\"application\/ld+json\" class=\"yoast-schema-graph\">{\"@context\":\"https:\/\/schema.org\",\"@graph\":[{\"@type\":\"Article\",\"@id\":\"https:\/\/mhf.ro\/mm\/pilda-omului-sarac\/#article\",\"isPartOf\":{\"@id\":\"https:\/\/mhf.ro\/mm\/pilda-omului-sarac\/\"},\"author\":{\"name\":\"Marius Marcu\",\"@id\":\"https:\/\/mhf.ro\/mm\/#\/schema\/person\/a3bebf7bdb4bf12f698aff73c7e46c21\"},\"headline\":\"Pilda omului s\u0103rac\",\"datePublished\":\"2023-04-15T07:04:10+00:00\",\"mainEntityOfPage\":{\"@id\":\"https:\/\/mhf.ro\/mm\/pilda-omului-sarac\/\"},\"wordCount\":306,\"commentCount\":0,\"publisher\":{\"@id\":\"https:\/\/mhf.ro\/mm\/#\/schema\/person\/a3bebf7bdb4bf12f698aff73c7e46c21\"},\"image\":{\"@id\":\"https:\/\/mhf.ro\/mm\/pilda-omului-sarac\/#primaryimage\"},\"thumbnailUrl\":\"https:\/\/mhf.ro\/mm\/wp-content\/uploads\/2023\/04\/om_sarac.jpg\",\"articleSection\":[\"Diverse\"],\"inLanguage\":\"ro-RO\",\"potentialAction\":[{\"@type\":\"CommentAction\",\"name\":\"Comment\",\"target\":[\"https:\/\/mhf.ro\/mm\/pilda-omului-sarac\/#respond\"]}]},{\"@type\":\"WebPage\",\"@id\":\"https:\/\/mhf.ro\/mm\/pilda-omului-sarac\/\",\"url\":\"https:\/\/mhf.ro\/mm\/pilda-omului-sarac\/\",\"name\":\"Pilda omului s\u0103rac - MHF Photography\",\"isPartOf\":{\"@id\":\"https:\/\/mhf.ro\/mm\/#website\"},\"primaryImageOfPage\":{\"@id\":\"https:\/\/mhf.ro\/mm\/pilda-omului-sarac\/#primaryimage\"},\"image\":{\"@id\":\"https:\/\/mhf.ro\/mm\/pilda-omului-sarac\/#primaryimage\"},\"thumbnailUrl\":\"https:\/\/mhf.ro\/mm\/wp-content\/uploads\/2023\/04\/om_sarac.jpg\",\"datePublished\":\"2023-04-15T07:04:10+00:00\",\"breadcrumb\":{\"@id\":\"https:\/\/mhf.ro\/mm\/pilda-omului-sarac\/#breadcrumb\"},\"inLanguage\":\"ro-RO\",\"potentialAction\":[{\"@type\":\"ReadAction\",\"target\":[\"https:\/\/mhf.ro\/mm\/pilda-omului-sarac\/\"]}]},{\"@type\":\"ImageObject\",\"inLanguage\":\"ro-RO\",\"@id\":\"https:\/\/mhf.ro\/mm\/pilda-omului-sarac\/#primaryimage\",\"url\":\"https:\/\/mhf.ro\/mm\/wp-content\/uploads\/2023\/04\/om_sarac.jpg\",\"contentUrl\":\"https:\/\/mhf.ro\/mm\/wp-content\/uploads\/2023\/04\/om_sarac.jpg\",\"width\":1280,\"height\":853},{\"@type\":\"BreadcrumbList\",\"@id\":\"https:\/\/mhf.ro\/mm\/pilda-omului-sarac\/#breadcrumb\",\"itemListElement\":[{\"@type\":\"ListItem\",\"position\":1,\"name\":\"Prima pagin\u0103\",\"item\":\"https:\/\/mhf.ro\/mm\/\"},{\"@type\":\"ListItem\",\"position\":2,\"name\":\"Pilda omului s\u0103rac\"}]},{\"@type\":\"WebSite\",\"@id\":\"https:\/\/mhf.ro\/mm\/#website\",\"url\":\"https:\/\/mhf.ro\/mm\/\",\"name\":\"MHF Photography \u2013 Blog de fotografie, natur\u0103 \u0219i tehnic\u0103 divers\u0103\",\"description\":\"Aventur\u0103 \u00een fiecare cadru.\",\"publisher\":{\"@id\":\"https:\/\/mhf.ro\/mm\/#\/schema\/person\/a3bebf7bdb4bf12f698aff73c7e46c21\"},\"potentialAction\":[{\"@type\":\"SearchAction\",\"target\":{\"@type\":\"EntryPoint\",\"urlTemplate\":\"https:\/\/mhf.ro\/mm\/?s={search_term_string}\"},\"query-input\":{\"@type\":\"PropertyValueSpecification\",\"valueRequired\":true,\"valueName\":\"search_term_string\"}}],\"inLanguage\":\"ro-RO\"},{\"@type\":[\"Person\",\"Organization\"],\"@id\":\"https:\/\/mhf.ro\/mm\/#\/schema\/person\/a3bebf7bdb4bf12f698aff73c7e46c21\",\"name\":\"Marius Marcu\",\"image\":{\"@type\":\"ImageObject\",\"inLanguage\":\"ro-RO\",\"@id\":\"https:\/\/mhf.ro\/mm\/#\/schema\/person\/image\/\",\"url\":\"https:\/\/mhf.ro\/mm\/wp-content\/uploads\/2025\/12\/cropped-logo_mhf_2.png\",\"contentUrl\":\"https:\/\/mhf.ro\/mm\/wp-content\/uploads\/2025\/12\/cropped-logo_mhf_2.png\",\"width\":1096,\"height\":457,\"caption\":\"Marius Marcu\"},\"logo\":{\"@id\":\"https:\/\/mhf.ro\/mm\/#\/schema\/person\/image\/\"},\"sameAs\":[\"https:\/\/mhf.ro\/mm\"],\"url\":\"https:\/\/mhf.ro\/mm\/author\/mihai\/\"}]}<\/script>\n<!-- \/ Yoast SEO plugin. -->","yoast_head_json":{"title":"Pilda omului s\u0103rac - MHF Photography","robots":{"index":"index","follow":"follow","max-snippet":"max-snippet:-1","max-image-preview":"max-image-preview:large","max-video-preview":"max-video-preview:-1"},"canonical":"https:\/\/mhf.ro\/mm\/pilda-omului-sarac\/","og_locale":"ro_RO","og_type":"article","og_title":"Pilda omului s\u0103rac - MHF Photography","og_description":"\u00centr-un sat tr\u0103ia odat\u0103 un om foarte s\u0103rac, numit Ion. El avea o familie numeroas\u0103 \u0219i nu avea suficient\u0103 hran\u0103","og_url":"https:\/\/mhf.ro\/mm\/pilda-omului-sarac\/","og_site_name":"MHF Photography","article_published_time":"2023-04-15T07:04:10+00:00","og_image":[{"width":1280,"height":853,"url":"https:\/\/mhf.ro\/mm\/wp-content\/uploads\/2023\/04\/om_sarac.jpg","type":"image\/jpeg"}],"author":"Marius Marcu","twitter_card":"summary_large_image","twitter_misc":{"Scris de":"Marius Marcu","Timp estimat pentru citire":"2 minute"},"schema":{"@context":"https:\/\/schema.org","@graph":[{"@type":"Article","@id":"https:\/\/mhf.ro\/mm\/pilda-omului-sarac\/#article","isPartOf":{"@id":"https:\/\/mhf.ro\/mm\/pilda-omului-sarac\/"},"author":{"name":"Marius Marcu","@id":"https:\/\/mhf.ro\/mm\/#\/schema\/person\/a3bebf7bdb4bf12f698aff73c7e46c21"},"headline":"Pilda omului s\u0103rac","datePublished":"2023-04-15T07:04:10+00:00","mainEntityOfPage":{"@id":"https:\/\/mhf.ro\/mm\/pilda-omului-sarac\/"},"wordCount":306,"commentCount":0,"publisher":{"@id":"https:\/\/mhf.ro\/mm\/#\/schema\/person\/a3bebf7bdb4bf12f698aff73c7e46c21"},"image":{"@id":"https:\/\/mhf.ro\/mm\/pilda-omului-sarac\/#primaryimage"},"thumbnailUrl":"https:\/\/mhf.ro\/mm\/wp-content\/uploads\/2023\/04\/om_sarac.jpg","articleSection":["Diverse"],"inLanguage":"ro-RO","potentialAction":[{"@type":"CommentAction","name":"Comment","target":["https:\/\/mhf.ro\/mm\/pilda-omului-sarac\/#respond"]}]},{"@type":"WebPage","@id":"https:\/\/mhf.ro\/mm\/pilda-omului-sarac\/","url":"https:\/\/mhf.ro\/mm\/pilda-omului-sarac\/","name":"Pilda omului s\u0103rac - MHF Photography","isPartOf":{"@id":"https:\/\/mhf.ro\/mm\/#website"},"primaryImageOfPage":{"@id":"https:\/\/mhf.ro\/mm\/pilda-omului-sarac\/#primaryimage"},"image":{"@id":"https:\/\/mhf.ro\/mm\/pilda-omului-sarac\/#primaryimage"},"thumbnailUrl":"https:\/\/mhf.ro\/mm\/wp-content\/uploads\/2023\/04\/om_sarac.jpg","datePublished":"2023-04-15T07:04:10+00:00","breadcrumb":{"@id":"https:\/\/mhf.ro\/mm\/pilda-omului-sarac\/#breadcrumb"},"inLanguage":"ro-RO","potentialAction":[{"@type":"ReadAction","target":["https:\/\/mhf.ro\/mm\/pilda-omului-sarac\/"]}]},{"@type":"ImageObject","inLanguage":"ro-RO","@id":"https:\/\/mhf.ro\/mm\/pilda-omului-sarac\/#primaryimage","url":"https:\/\/mhf.ro\/mm\/wp-content\/uploads\/2023\/04\/om_sarac.jpg","contentUrl":"https:\/\/mhf.ro\/mm\/wp-content\/uploads\/2023\/04\/om_sarac.jpg","width":1280,"height":853},{"@type":"BreadcrumbList","@id":"https:\/\/mhf.ro\/mm\/pilda-omului-sarac\/#breadcrumb","itemListElement":[{"@type":"ListItem","position":1,"name":"Prima pagin\u0103","item":"https:\/\/mhf.ro\/mm\/"},{"@type":"ListItem","position":2,"name":"Pilda omului s\u0103rac"}]},{"@type":"WebSite","@id":"https:\/\/mhf.ro\/mm\/#website","url":"https:\/\/mhf.ro\/mm\/","name":"MHF Photography \u2013 Blog de fotografie, natur\u0103 \u0219i tehnic\u0103 divers\u0103","description":"Aventur\u0103 \u00een fiecare cadru.","publisher":{"@id":"https:\/\/mhf.ro\/mm\/#\/schema\/person\/a3bebf7bdb4bf12f698aff73c7e46c21"},"potentialAction":[{"@type":"SearchAction","target":{"@type":"EntryPoint","urlTemplate":"https:\/\/mhf.ro\/mm\/?s={search_term_string}"},"query-input":{"@type":"PropertyValueSpecification","valueRequired":true,"valueName":"search_term_string"}}],"inLanguage":"ro-RO"},{"@type":["Person","Organization"],"@id":"https:\/\/mhf.ro\/mm\/#\/schema\/person\/a3bebf7bdb4bf12f698aff73c7e46c21","name":"Marius Marcu","image":{"@type":"ImageObject","inLanguage":"ro-RO","@id":"https:\/\/mhf.ro\/mm\/#\/schema\/person\/image\/","url":"https:\/\/mhf.ro\/mm\/wp-content\/uploads\/2025\/12\/cropped-logo_mhf_2.png","contentUrl":"https:\/\/mhf.ro\/mm\/wp-content\/uploads\/2025\/12\/cropped-logo_mhf_2.png","width":1096,"height":457,"caption":"Marius Marcu"},"logo":{"@id":"https:\/\/mhf.ro\/mm\/#\/schema\/person\/image\/"},"sameAs":["https:\/\/mhf.ro\/mm"],"url":"https:\/\/mhf.ro\/mm\/author\/mihai\/"}]}},"_links":{"self":[{"href":"https:\/\/mhf.ro\/mm\/wp-json\/wp\/v2\/posts\/9011","targetHints":{"allow":["GET"]}}],"collection":[{"href":"https:\/\/mhf.ro\/mm\/wp-json\/wp\/v2\/posts"}],"about":[{"href":"https:\/\/mhf.ro\/mm\/wp-json\/wp\/v2\/types\/post"}],"author":[{"embeddable":true,"href":"https:\/\/mhf.ro\/mm\/wp-json\/wp\/v2\/users\/1"}],"replies":[{"embeddable":true,"href":"https:\/\/mhf.ro\/mm\/wp-json\/wp\/v2\/comments?post=9011"}],"version-history":[{"count":1,"href":"https:\/\/mhf.ro\/mm\/wp-json\/wp\/v2\/posts\/9011\/revisions"}],"predecessor-version":[{"id":9014,"href":"https:\/\/mhf.ro\/mm\/wp-json\/wp\/v2\/posts\/9011\/revisions\/9014"}],"wp:featuredmedia":[{"embeddable":true,"href":"https:\/\/mhf.ro\/mm\/wp-json\/wp\/v2\/media\/9012"}],"wp:attachment":[{"href":"https:\/\/mhf.ro\/mm\/wp-json\/wp\/v2\/media?parent=9011"}],"wp:term":[{"taxonomy":"category","embeddable":true,"href":"https:\/\/mhf.ro\/mm\/wp-json\/wp\/v2\/categories?post=9011"},{"taxonomy":"post_tag","embeddable":true,"href":"https:\/\/mhf.ro\/mm\/wp-json\/wp\/v2\/tags?post=9011"}],"curies":[{"name":"wp","href":"https:\/\/api.w.org\/{rel}","templated":true}]}}