{"id":9039,"date":"2023-05-01T10:57:05","date_gmt":"2023-05-01T08:57:05","guid":{"rendered":"https:\/\/mhf.ro\/mm\/?p=9039"},"modified":"2023-05-01T10:57:05","modified_gmt":"2023-05-01T08:57:05","slug":"umor-scolar","status":"publish","type":"post","link":"https:\/\/mhf.ro\/mm\/umor-scolar\/","title":{"rendered":"Umor \u0219colar"},"content":{"rendered":"<div dir=\"ltr\"><span style=\"font-size: x-large;\"> Un profesor vorbe\u0219te despre elevii lui:<br \/>\n<\/span><\/div>\n<div dir=\"ltr\"><span style=\"font-size: x-large;\">\u00a0 Dintre to\u021bi elevii mei, doar Ionic\u0103 a r\u0103mas \u00een Rom\u00e2nia.<br \/>\n<\/span><\/div>\n<div dir=\"ltr\"><span style=\"font-size: x-large;\">\u00a0 &#8211; Bravo lui, mare patriot ! \u0218i.. ce face ?<br \/>\n<\/span><\/div>\n<div dir=\"ltr\"><span style=\"font-size: x-large;\">\u00a0 &#8211; Face pu\u0219c\u0103rie.<br \/>\n<\/span><\/div>\n<div dir=\"ltr\"><span style=\"font-size: x-large;\">\u00a0<\/span><\/div>\n<div dir=\"ltr\"><span style=\"font-size: x-large;\">\u00a0 &#8211; Domnule director, eu nu mai predau istorie la clasa asta! Sunt<br \/>\n<\/span><\/div>\n<div dir=\"ltr\"><span style=\"font-size: x-large;\">idio\u021bi. L-am \u00eentrebat pe unul cine l-a ucis pe Cezar. S-a jurat c\u0103 nu<br \/>\n<\/span><\/div>\n<div dir=\"ltr\"><span style=\"font-size: x-large;\">l-a ucis el, ba c\u0103 nici nu l-a cunoscut. La fel au r\u0103spuns \u0219i ceilal\u021bi.<br \/>\n<\/span><\/div>\n<div dir=\"ltr\"><span style=\"font-size: x-large;\">\u00a0 &#8211; P\u0103stra\u021bi-v\u0103 calmul, doamna profesoar\u0103. Poate c\u0103 uciga\u0219ul nici nu-i<br \/>\n<\/span><\/div>\n<div dir=\"ltr\"><span style=\"font-size: x-large;\">din clasa aia.<br \/>\n<\/span><\/div>\n<div dir=\"ltr\"><span style=\"font-size: x-large;\">\u00a0<\/span><\/div>\n<div dir=\"ltr\"><span style=\"font-size: x-large;\">\u00a0 La cantina universit\u0103\u021bii, un profesor de matematic\u0103 , \u00ee\u0219i cump\u0103r\u0103<br \/>\n<\/span><\/div>\n<div dir=\"ltr\"><span style=\"font-size: x-large;\">ciorb\u0103 \u015fi friptur\u0103, c\u00e2te dou\u0103 din fiecare.<br \/>\n<\/span><\/div>\n<div dir=\"ltr\"><span style=\"font-size: x-large;\">\u00a0 Ajunge la cas\u0103. Casieri\u021ba socoate bonul la calculator \u0219i cere:<br \/>\n<\/span><\/div>\n<div dir=\"ltr\"><span style=\"font-size: x-large;\">\u00a0 &#8211; 29 lei 47 bani, v\u0103 rog.<br \/>\n<\/span><\/div>\n<div dir=\"ltr\"><span style=\"font-size: x-large;\">\u00a0 &#8211; Nu-i corect mai socoti\u021bi odat\u0103 &#8211; spune profesorul.<br \/>\n<\/span><\/div>\n<div dir=\"ltr\"><span style=\"font-size: x-large;\">\u00a0 Casieri\u021ba scoate alt bon:<br \/>\n<\/span><\/div>\n<div dir=\"ltr\"><span style=\"font-size: x-large;\">\u00a0 &#8211; M\u0103 scuza\u021bi, 29 lei \u0219i 17 bani.<br \/>\n<\/span><\/div>\n<div dir=\"ltr\"><span style=\"font-size: x-large;\">\u00a0 El iar\u0103\u0219i:<br \/>\n<\/span><\/div>\n<div dir=\"ltr\"><span style=\"font-size: x-large;\">\u00a0 &#8211; Nu e corect.<br \/>\n<\/span><\/div>\n<div dir=\"ltr\"><span style=\"font-size: x-large;\">\u00a0 Casieri\u021ba, o domni\u0219oar\u0103 t\u00e2n\u0103r\u0103, deja se \u00eenro\u0219ise, dar mai socoate o<br \/>\n<\/span><\/div>\n<div dir=\"ltr\"><span style=\"font-size: x-large;\">dat\u0103:<br \/>\n<\/span><\/div>\n<div dir=\"ltr\"><span style=\"font-size: x-large;\">\u00a0 &#8211; 29 lei 11 bani, la care profesorul:<br \/>\n<\/span><\/div>\n<div dir=\"ltr\"><span style=\"font-size: x-large;\">\u00a0 &#8211; Iar\u0103\u0219i nu este corect.<br \/>\n<\/span><\/div>\n<div dir=\"ltr\"><span style=\"font-size: x-large;\">\u00a0 Fata, deja disperat\u0103:<br \/>\n<\/span><\/div>\n<div dir=\"ltr\"><span style=\"font-size: x-large;\">\u00a0 &#8211; Dar c\u00e2t trebuie s\u0103 fie atunci?<br \/>\n<\/span><\/div>\n<div dir=\"ltr\"><span style=\"font-size: x-large;\">\u00a0 Profesorul lini\u0219tit:<br \/>\n<\/span><\/div>\n<div dir=\"ltr\"><span style=\"font-size: x-large;\">\u00a0 &#8211; Nici cea mai mic\u0103 idee nu am c\u00e2t cost\u0103 toate astea, dar pentru dou\u0103<br \/>\n<\/span><\/div>\n<div dir=\"ltr\"><span style=\"font-size: x-large;\">por\u021bii identice, trebuie s\u0103 rezulte un num\u0103r par&#8230;<br \/>\n<\/span><\/div>\n<div dir=\"ltr\"><span style=\"font-size: x-large;\">\u00a0<\/span><\/div>\n<div dir=\"ltr\"><span style=\"font-size: x-large;\">\u00a0 \u2013 Domn\u2019 profesor, cum merge Gigel al meu cu \u0219coala?<br \/>\n<\/span><\/div>\n<div dir=\"ltr\"><span style=\"font-size: x-large;\">\u00a0 \u2013 Oi, ave\u021bi?<br \/>\n<\/span><\/div>\n<div dir=\"ltr\"><span style=\"font-size: x-large;\">\u00a0 \u2013 Nu!<br \/>\n<\/span><\/div>\n<div dir=\"ltr\"><span style=\"font-size: x-large;\">\u00a0 \u2013 S\u0103 v\u0103 cump\u0103ra\u021bi!<br \/>\n<\/span><\/div>\n<div dir=\"ltr\"><span style=\"font-size: x-large;\">\u00a0<\/span><\/div>\n<div dir=\"ltr\"><span style=\"font-size: x-large;\">\u00a0 Elevii rom\u00e2ni au declarat r\u0103zboi c\u0103tre dou\u0103 organiza\u0163ii teroriste: Al<br \/>\n<\/span><\/div>\n<div dir=\"ltr\"><span style=\"font-size: x-large;\">Fabet \u015fi Al Gebra.<br \/>\n<\/span><\/div>\n<div dir=\"ltr\"><span style=\"font-size: x-large;\">\u00a0<\/span><\/div>\n<div dir=\"ltr\"><span style=\"font-size: x-large;\">\u00a0 La \u0219coal\u0103 au fost montate cuiere la garderob\u0103.<br \/>\n<\/span><\/div>\n<div dir=\"ltr\"><span style=\"font-size: x-large;\">\u00a0 Deasupra un semn:<br \/>\n<\/span><\/div>\n<div dir=\"ltr\"><span style=\"font-size: x-large;\">\u00a0 &#8222;Doar pentru profesori!\u201d<br \/>\n<\/span><\/div>\n<div dir=\"ltr\"><span style=\"font-size: x-large;\">\u00a0 Ziua urm\u0103toare cineva lipe\u0219te un bilet al\u0103turi:<br \/>\n<\/span><\/div>\n<div dir=\"ltr\"><span style=\"font-size: x-large;\">\u00a0 &#8222;Dar pot fi at\u00e2rnate \u0219i haine&#8221;<br \/>\n<\/span><\/div>\n<div dir=\"ltr\"><span style=\"font-size: x-large;\">\u00a0<\/span><\/div>\n<div dir=\"ltr\"><span style=\"font-size: x-large;\">\u00a0 Un elev \u00ee\u0219i sun\u0103 un prieten:<br \/>\n<\/span><\/div>\n<div dir=\"ltr\"><span style=\"font-size: x-large;\">\u00a0 &#8211; Salut, e\u0219ti bun la matematic\u0103 ?<br \/>\n<\/span><\/div>\n<div dir=\"ltr\"><span style=\"font-size: x-large;\">\u00a0 &#8211; Salut, da, spune ce problem\u0103 ai ?<br \/>\n<\/span><\/div>\n<div dir=\"ltr\"><span style=\"font-size: x-large;\">\u00a0 &#8211; P\u0103i, dac\u0103 am o pr\u0103jitur\u0103 \u0219i o tai \u00een 3 buc\u0103\u021bi egale, fiecare bucat\u0103<br \/>\n<\/span><\/div>\n<div dir=\"ltr\"><span style=\"font-size: x-large;\">va avea 0,333%, nu ?<br \/>\n<\/span><\/div>\n<div dir=\"ltr\"><span style=\"font-size: x-large;\">\u00a0 &#8211; Corect<br \/>\n<\/span><\/div>\n<div dir=\"ltr\"><span style=\"font-size: x-large;\">\u00a0 &#8211; Dar dac\u0103 \u00eenmul\u021besc 0.333 cu 3 \u00eemi d\u0103 0.999<br \/>\n<\/span><\/div>\n<div dir=\"ltr\"><span style=\"font-size: x-large;\">\u00a0 &#8211; Corect<br \/>\n<\/span><\/div>\n<div dir=\"ltr\"><span style=\"font-size: x-large;\">\u00a0 &#8211; Ce s-a \u00eent\u00e2mplat cu 0,001?.<br \/>\n<\/span><\/div>\n<div dir=\"ltr\"><span style=\"font-size: x-large;\">\u00a0 &#8211; A r\u0103mas pe cu\u021bit.<br \/>\n<\/span><\/div>\n<div dir=\"ltr\"><span style=\"font-size: x-large;\">\u00a0<\/span><\/div>\n<div dir=\"ltr\"><span style=\"font-size: x-large;\">\u00a0 &#8211; Buna ziua, doamna profesoar\u0103! Dac\u0103 v\u0103 aduc flori, m\u0103 trece\u021bi la<br \/>\n<\/span><\/div>\n<div dir=\"ltr\"><span style=\"font-size: x-large;\">chimie, v\u0103 rog?<br \/>\n<\/span><\/div>\n<div dir=\"ltr\"><span style=\"font-size: x-large;\">\u00a0 &#8211; Dar de ce s\u0103 \u00eemi aduci flori Adrian? Iei sigur 5. Ia s\u0103 v\u0103d ce ai<br \/>\n<\/span><\/div>\n<div dir=\"ltr\"><span style=\"font-size: x-large;\">scris la \u00eentrebarea &#8222;Ce face apa la 90 de grade?&#8221;.<br \/>\n<\/span><\/div>\n<div dir=\"ltr\"><span style=\"font-size: x-large;\">\u00a0 &#8211; Un unghi drept.<br \/>\n<\/span><\/div>\n<div dir=\"ltr\"><span style=\"font-size: x-large;\">\u00a0 &#8211; Trandafiri ro\u0219ii.<br \/>\n<\/span><\/div>\n<div dir=\"ltr\"><span style=\"font-size: x-large;\">\u00a0<\/span><\/div>\n<div dir=\"ltr\"><span style=\"font-size: x-large;\">\u00a0 Ora de fizic\u0103.<br \/>\n<\/span><\/div>\n<div dir=\"ltr\"><span style=\"font-size: x-large;\">\u00a0 &#8211; Ghi\u021b\u0103, ce este un an lumin\u0103?<br \/>\n<\/span><\/div>\n<div dir=\"ltr\"><span style=\"font-size: x-large;\">\u00a0 &#8211; 12 facturi de curent, doamna profesoar\u0103!<br \/>\n<\/span><\/div>\n<div dir=\"ltr\"><span style=\"font-size: x-large;\">\u00a0<\/span><\/div>\n<div dir=\"ltr\"><span style=\"font-size: x-large;\">\u00a0 La preg\u0103tirea pentru bacalaureat, profesorul dezam\u0103git de<br \/>\n<\/span><\/div>\n<div dir=\"ltr\"><span style=\"font-size: x-large;\">cuno\u0219tin\u021bele elevilor le anun\u0163\u0103 dezastrul:<br \/>\n<\/span><\/div>\n<div dir=\"ltr\"><span style=\"font-size: x-large;\">\u00a0 \u2013 90% dintre voi pic\u0103 anul \u0103sta la matematic\u0103!<br \/>\n<\/span><\/div>\n<div dir=\"ltr\"><span style=\"font-size: x-large;\">\u00a0 \u2013 Domn profesor, da\u2019 noi nici nu suntem at\u00e2\u0163ia \u00een clas\u0103.<br \/>\n<\/span><\/div>\n<div dir=\"ltr\"><span style=\"font-size: x-large;\">\u00a0<\/span><\/div>\n<div dir=\"ltr\"><span style=\"font-size: x-large;\">\u00a0 &#8211; Ia zi, fiule, s-a prins \u00eenv\u0103\u021b\u0103toarea c\u0103 \u00ee\u021bi fac eu temele?<br \/>\n<\/span><\/div>\n<div dir=\"ltr\"><span style=\"font-size: x-large;\">\u00a0 &#8211; Nu, dar a zis c\u0103 pe zi ce trece sunt tot mai prost.<br \/>\n<\/span><\/div>\n<div dir=\"ltr\"><span style=\"font-size: x-large;\">\u00a0<\/span><\/div>\n<div dir=\"ltr\"><span style=\"font-size: x-large;\">\u00a0 Mama:<br \/>\n<\/span><\/div>\n<div dir=\"ltr\"><span style=\"font-size: x-large;\">\u00a0 \u2013 De ce ai luat o not\u0103 a\u015fa de mic\u0103 la lucrarea de control?<br \/>\n<\/span><\/div>\n<div dir=\"ltr\"><span style=\"font-size: x-large;\">\u00a0 Fiul:<br \/>\n<\/span><\/div>\n<div dir=\"ltr\"><span style=\"font-size: x-large;\">\u00a0 \u2013 Din cauza absen\u0163ei , mam\u0103!<br \/>\n<\/span><\/div>\n<div dir=\"ltr\"><span style=\"font-size: x-large;\">\u00a0 Mama:<br \/>\n<\/span><\/div>\n<div dir=\"ltr\"><span style=\"font-size: x-large;\">\u00a0 \u2013 Nu pot s\u0103 cred, ai lipsit \u00een ziua testului?!<br \/>\n<\/span><\/div>\n<div dir=\"ltr\"><span style=\"font-size: x-large;\">\u00a0 Fiul:<br \/>\n<\/span><\/div>\n<div dir=\"ltr\"><span style=\"font-size: x-large;\">\u00a0 \u2013 Nu mam\u0103, b\u0103iatul care st\u0103tea l\u00e2ng\u0103 mine a absentat!<br \/>\n<\/span><\/div>\n<div dir=\"ltr\"><span style=\"font-size: x-large;\">\u00a0<\/span><\/div>\n<div dir=\"ltr\"><span style=\"font-size: x-large;\">\u00a0 Discut\u0103 doi profesori:<br \/>\n<\/span><\/div>\n<div dir=\"ltr\"><span style=\"font-size: x-large;\">\u00a0 \u2013 Nu, a\u0219a este imposibil de lucrat. Profesorii se tem de director,<br \/>\n<\/span><\/div>\n<div dir=\"ltr\"><span style=\"font-size: x-large;\">directorul de inspector, inspectorul de ministru, ministrul de p\u0103rin\u021bi,<br \/>\n<\/span><\/div>\n<div dir=\"ltr\"><span style=\"font-size: x-large;\">p\u0103rin\u021bii de copii \u0219i doar copiii nu se tem de nimeni.<\/span><\/div>\n","protected":false},"excerpt":{"rendered":"<p>Un profesor vorbe\u0219te despre elevii lui: \u00a0 Dintre to\u021bi elevii mei, doar Ionic\u0103 a r\u0103mas \u00een Rom\u00e2nia. \u00a0 &#8211; Bravo<\/p>\n","protected":false},"author":4,"featured_media":6127,"comment_status":"open","ping_status":"open","sticky":false,"template":"","format":"standard","meta":{"colormag_page_container_layout":"default_layout","colormag_page_sidebar_layout":"default_layout","footnotes":""},"categories":[8],"tags":[],"class_list":["post-9039","post","type-post","status-publish","format-standard","has-post-thumbnail","hentry","category-div"],"yoast_head":"<!-- This site is optimized with the Yoast SEO plugin v27.0 - https:\/\/yoast.com\/product\/yoast-seo-wordpress\/ -->\n<title>Umor \u0219colar - MHF Photography<\/title>\n<meta name=\"robots\" content=\"index, follow, max-snippet:-1, max-image-preview:large, max-video-preview:-1\" \/>\n<link rel=\"canonical\" href=\"https:\/\/mhf.ro\/mm\/umor-scolar\/\" \/>\n<meta property=\"og:locale\" content=\"ro_RO\" \/>\n<meta property=\"og:type\" content=\"article\" \/>\n<meta property=\"og:title\" content=\"Umor \u0219colar - MHF Photography\" \/>\n<meta property=\"og:description\" content=\"Un profesor vorbe\u0219te despre elevii lui: \u00a0 Dintre to\u021bi elevii mei, doar Ionic\u0103 a r\u0103mas \u00een Rom\u00e2nia. \u00a0 &#8211; Bravo\" \/>\n<meta property=\"og:url\" content=\"https:\/\/mhf.ro\/mm\/umor-scolar\/\" \/>\n<meta property=\"og:site_name\" content=\"MHF Photography\" \/>\n<meta property=\"article:published_time\" content=\"2023-05-01T08:57:05+00:00\" \/>\n<meta property=\"og:image\" content=\"https:\/\/mhf.ro\/mm\/wp-content\/uploads\/2022\/01\/Gradinita.jpg\" \/>\n\t<meta property=\"og:image:width\" content=\"1000\" \/>\n\t<meta property=\"og:image:height\" content=\"667\" \/>\n\t<meta property=\"og:image:type\" content=\"image\/jpeg\" \/>\n<meta name=\"author\" content=\"Preot paroh Horvat Petru\" \/>\n<meta name=\"twitter:card\" content=\"summary_large_image\" \/>\n<meta name=\"twitter:label1\" content=\"Scris de\" \/>\n\t<meta name=\"twitter:data1\" content=\"Preot paroh Horvat Petru\" \/>\n\t<meta name=\"twitter:label2\" content=\"Timp estimat pentru citire\" \/>\n\t<meta name=\"twitter:data2\" content=\"3 minute\" \/>\n<script type=\"application\/ld+json\" class=\"yoast-schema-graph\">{\"@context\":\"https:\/\/schema.org\",\"@graph\":[{\"@type\":\"Article\",\"@id\":\"https:\/\/mhf.ro\/mm\/umor-scolar\/#article\",\"isPartOf\":{\"@id\":\"https:\/\/mhf.ro\/mm\/umor-scolar\/\"},\"author\":{\"name\":\"Preot paroh Horvat Petru\",\"@id\":\"https:\/\/mhf.ro\/mm\/#\/schema\/person\/4c8c06c801b7b666e81ed44550086900\"},\"headline\":\"Umor \u0219colar\",\"datePublished\":\"2023-05-01T08:57:05+00:00\",\"mainEntityOfPage\":{\"@id\":\"https:\/\/mhf.ro\/mm\/umor-scolar\/\"},\"wordCount\":570,\"commentCount\":0,\"publisher\":{\"@id\":\"https:\/\/mhf.ro\/mm\/#\/schema\/person\/a3bebf7bdb4bf12f698aff73c7e46c21\"},\"image\":{\"@id\":\"https:\/\/mhf.ro\/mm\/umor-scolar\/#primaryimage\"},\"thumbnailUrl\":\"https:\/\/mhf.ro\/mm\/wp-content\/uploads\/2022\/01\/Gradinita.jpg\",\"articleSection\":[\"Diverse\"],\"inLanguage\":\"ro-RO\",\"potentialAction\":[{\"@type\":\"CommentAction\",\"name\":\"Comment\",\"target\":[\"https:\/\/mhf.ro\/mm\/umor-scolar\/#respond\"]}]},{\"@type\":\"WebPage\",\"@id\":\"https:\/\/mhf.ro\/mm\/umor-scolar\/\",\"url\":\"https:\/\/mhf.ro\/mm\/umor-scolar\/\",\"name\":\"Umor \u0219colar - MHF Photography\",\"isPartOf\":{\"@id\":\"https:\/\/mhf.ro\/mm\/#website\"},\"primaryImageOfPage\":{\"@id\":\"https:\/\/mhf.ro\/mm\/umor-scolar\/#primaryimage\"},\"image\":{\"@id\":\"https:\/\/mhf.ro\/mm\/umor-scolar\/#primaryimage\"},\"thumbnailUrl\":\"https:\/\/mhf.ro\/mm\/wp-content\/uploads\/2022\/01\/Gradinita.jpg\",\"datePublished\":\"2023-05-01T08:57:05+00:00\",\"breadcrumb\":{\"@id\":\"https:\/\/mhf.ro\/mm\/umor-scolar\/#breadcrumb\"},\"inLanguage\":\"ro-RO\",\"potentialAction\":[{\"@type\":\"ReadAction\",\"target\":[\"https:\/\/mhf.ro\/mm\/umor-scolar\/\"]}]},{\"@type\":\"ImageObject\",\"inLanguage\":\"ro-RO\",\"@id\":\"https:\/\/mhf.ro\/mm\/umor-scolar\/#primaryimage\",\"url\":\"https:\/\/mhf.ro\/mm\/wp-content\/uploads\/2022\/01\/Gradinita.jpg\",\"contentUrl\":\"https:\/\/mhf.ro\/mm\/wp-content\/uploads\/2022\/01\/Gradinita.jpg\",\"width\":1000,\"height\":667},{\"@type\":\"BreadcrumbList\",\"@id\":\"https:\/\/mhf.ro\/mm\/umor-scolar\/#breadcrumb\",\"itemListElement\":[{\"@type\":\"ListItem\",\"position\":1,\"name\":\"Prima pagin\u0103\",\"item\":\"https:\/\/mhf.ro\/mm\/\"},{\"@type\":\"ListItem\",\"position\":2,\"name\":\"Umor \u0219colar\"}]},{\"@type\":\"WebSite\",\"@id\":\"https:\/\/mhf.ro\/mm\/#website\",\"url\":\"https:\/\/mhf.ro\/mm\/\",\"name\":\"MHF Photography \u2013 Blog de fotografie, natur\u0103 \u0219i tehnic\u0103 divers\u0103\",\"description\":\"Aventur\u0103 \u00een fiecare cadru.\",\"publisher\":{\"@id\":\"https:\/\/mhf.ro\/mm\/#\/schema\/person\/a3bebf7bdb4bf12f698aff73c7e46c21\"},\"potentialAction\":[{\"@type\":\"SearchAction\",\"target\":{\"@type\":\"EntryPoint\",\"urlTemplate\":\"https:\/\/mhf.ro\/mm\/?s={search_term_string}\"},\"query-input\":{\"@type\":\"PropertyValueSpecification\",\"valueRequired\":true,\"valueName\":\"search_term_string\"}}],\"inLanguage\":\"ro-RO\"},{\"@type\":[\"Person\",\"Organization\"],\"@id\":\"https:\/\/mhf.ro\/mm\/#\/schema\/person\/a3bebf7bdb4bf12f698aff73c7e46c21\",\"name\":\"Marius Marcu\",\"image\":{\"@type\":\"ImageObject\",\"inLanguage\":\"ro-RO\",\"@id\":\"https:\/\/mhf.ro\/mm\/#\/schema\/person\/image\/\",\"url\":\"https:\/\/mhf.ro\/mm\/wp-content\/uploads\/2025\/12\/cropped-logo_mhf_2.png\",\"contentUrl\":\"https:\/\/mhf.ro\/mm\/wp-content\/uploads\/2025\/12\/cropped-logo_mhf_2.png\",\"width\":1096,\"height\":457,\"caption\":\"Marius Marcu\"},\"logo\":{\"@id\":\"https:\/\/mhf.ro\/mm\/#\/schema\/person\/image\/\"},\"sameAs\":[\"https:\/\/mhf.ro\/mm\"]},{\"@type\":\"Person\",\"@id\":\"https:\/\/mhf.ro\/mm\/#\/schema\/person\/4c8c06c801b7b666e81ed44550086900\",\"name\":\"Preot paroh Horvat Petru\",\"image\":{\"@type\":\"ImageObject\",\"inLanguage\":\"ro-RO\",\"@id\":\"https:\/\/mhf.ro\/mm\/#\/schema\/person\/image\/\",\"url\":\"https:\/\/secure.gravatar.com\/avatar\/c2d2dcdf21c6f41aad486d71768c144cd6e23cb7b63bae9bd6fab542b26ad321?s=96&d=monsterid&r=g\",\"contentUrl\":\"https:\/\/secure.gravatar.com\/avatar\/c2d2dcdf21c6f41aad486d71768c144cd6e23cb7b63bae9bd6fab542b26ad321?s=96&d=monsterid&r=g\",\"caption\":\"Preot paroh Horvat Petru\"},\"sameAs\":[\"https:\/\/mhf.ro\/mm\"],\"url\":\"https:\/\/mhf.ro\/mm\/author\/petrica\/\"}]}<\/script>\n<!-- \/ Yoast SEO plugin. -->","yoast_head_json":{"title":"Umor \u0219colar - MHF Photography","robots":{"index":"index","follow":"follow","max-snippet":"max-snippet:-1","max-image-preview":"max-image-preview:large","max-video-preview":"max-video-preview:-1"},"canonical":"https:\/\/mhf.ro\/mm\/umor-scolar\/","og_locale":"ro_RO","og_type":"article","og_title":"Umor \u0219colar - MHF Photography","og_description":"Un profesor vorbe\u0219te despre elevii lui: \u00a0 Dintre to\u021bi elevii mei, doar Ionic\u0103 a r\u0103mas \u00een Rom\u00e2nia. \u00a0 &#8211; Bravo","og_url":"https:\/\/mhf.ro\/mm\/umor-scolar\/","og_site_name":"MHF Photography","article_published_time":"2023-05-01T08:57:05+00:00","og_image":[{"width":1000,"height":667,"url":"https:\/\/mhf.ro\/mm\/wp-content\/uploads\/2022\/01\/Gradinita.jpg","type":"image\/jpeg"}],"author":"Preot paroh Horvat Petru","twitter_card":"summary_large_image","twitter_misc":{"Scris de":"Preot paroh Horvat Petru","Timp estimat pentru citire":"3 minute"},"schema":{"@context":"https:\/\/schema.org","@graph":[{"@type":"Article","@id":"https:\/\/mhf.ro\/mm\/umor-scolar\/#article","isPartOf":{"@id":"https:\/\/mhf.ro\/mm\/umor-scolar\/"},"author":{"name":"Preot paroh Horvat Petru","@id":"https:\/\/mhf.ro\/mm\/#\/schema\/person\/4c8c06c801b7b666e81ed44550086900"},"headline":"Umor \u0219colar","datePublished":"2023-05-01T08:57:05+00:00","mainEntityOfPage":{"@id":"https:\/\/mhf.ro\/mm\/umor-scolar\/"},"wordCount":570,"commentCount":0,"publisher":{"@id":"https:\/\/mhf.ro\/mm\/#\/schema\/person\/a3bebf7bdb4bf12f698aff73c7e46c21"},"image":{"@id":"https:\/\/mhf.ro\/mm\/umor-scolar\/#primaryimage"},"thumbnailUrl":"https:\/\/mhf.ro\/mm\/wp-content\/uploads\/2022\/01\/Gradinita.jpg","articleSection":["Diverse"],"inLanguage":"ro-RO","potentialAction":[{"@type":"CommentAction","name":"Comment","target":["https:\/\/mhf.ro\/mm\/umor-scolar\/#respond"]}]},{"@type":"WebPage","@id":"https:\/\/mhf.ro\/mm\/umor-scolar\/","url":"https:\/\/mhf.ro\/mm\/umor-scolar\/","name":"Umor \u0219colar - MHF Photography","isPartOf":{"@id":"https:\/\/mhf.ro\/mm\/#website"},"primaryImageOfPage":{"@id":"https:\/\/mhf.ro\/mm\/umor-scolar\/#primaryimage"},"image":{"@id":"https:\/\/mhf.ro\/mm\/umor-scolar\/#primaryimage"},"thumbnailUrl":"https:\/\/mhf.ro\/mm\/wp-content\/uploads\/2022\/01\/Gradinita.jpg","datePublished":"2023-05-01T08:57:05+00:00","breadcrumb":{"@id":"https:\/\/mhf.ro\/mm\/umor-scolar\/#breadcrumb"},"inLanguage":"ro-RO","potentialAction":[{"@type":"ReadAction","target":["https:\/\/mhf.ro\/mm\/umor-scolar\/"]}]},{"@type":"ImageObject","inLanguage":"ro-RO","@id":"https:\/\/mhf.ro\/mm\/umor-scolar\/#primaryimage","url":"https:\/\/mhf.ro\/mm\/wp-content\/uploads\/2022\/01\/Gradinita.jpg","contentUrl":"https:\/\/mhf.ro\/mm\/wp-content\/uploads\/2022\/01\/Gradinita.jpg","width":1000,"height":667},{"@type":"BreadcrumbList","@id":"https:\/\/mhf.ro\/mm\/umor-scolar\/#breadcrumb","itemListElement":[{"@type":"ListItem","position":1,"name":"Prima pagin\u0103","item":"https:\/\/mhf.ro\/mm\/"},{"@type":"ListItem","position":2,"name":"Umor \u0219colar"}]},{"@type":"WebSite","@id":"https:\/\/mhf.ro\/mm\/#website","url":"https:\/\/mhf.ro\/mm\/","name":"MHF Photography \u2013 Blog de fotografie, natur\u0103 \u0219i tehnic\u0103 divers\u0103","description":"Aventur\u0103 \u00een fiecare cadru.","publisher":{"@id":"https:\/\/mhf.ro\/mm\/#\/schema\/person\/a3bebf7bdb4bf12f698aff73c7e46c21"},"potentialAction":[{"@type":"SearchAction","target":{"@type":"EntryPoint","urlTemplate":"https:\/\/mhf.ro\/mm\/?s={search_term_string}"},"query-input":{"@type":"PropertyValueSpecification","valueRequired":true,"valueName":"search_term_string"}}],"inLanguage":"ro-RO"},{"@type":["Person","Organization"],"@id":"https:\/\/mhf.ro\/mm\/#\/schema\/person\/a3bebf7bdb4bf12f698aff73c7e46c21","name":"Marius Marcu","image":{"@type":"ImageObject","inLanguage":"ro-RO","@id":"https:\/\/mhf.ro\/mm\/#\/schema\/person\/image\/","url":"https:\/\/mhf.ro\/mm\/wp-content\/uploads\/2025\/12\/cropped-logo_mhf_2.png","contentUrl":"https:\/\/mhf.ro\/mm\/wp-content\/uploads\/2025\/12\/cropped-logo_mhf_2.png","width":1096,"height":457,"caption":"Marius Marcu"},"logo":{"@id":"https:\/\/mhf.ro\/mm\/#\/schema\/person\/image\/"},"sameAs":["https:\/\/mhf.ro\/mm"]},{"@type":"Person","@id":"https:\/\/mhf.ro\/mm\/#\/schema\/person\/4c8c06c801b7b666e81ed44550086900","name":"Preot paroh Horvat Petru","image":{"@type":"ImageObject","inLanguage":"ro-RO","@id":"https:\/\/mhf.ro\/mm\/#\/schema\/person\/image\/","url":"https:\/\/secure.gravatar.com\/avatar\/c2d2dcdf21c6f41aad486d71768c144cd6e23cb7b63bae9bd6fab542b26ad321?s=96&d=monsterid&r=g","contentUrl":"https:\/\/secure.gravatar.com\/avatar\/c2d2dcdf21c6f41aad486d71768c144cd6e23cb7b63bae9bd6fab542b26ad321?s=96&d=monsterid&r=g","caption":"Preot paroh Horvat Petru"},"sameAs":["https:\/\/mhf.ro\/mm"],"url":"https:\/\/mhf.ro\/mm\/author\/petrica\/"}]}},"_links":{"self":[{"href":"https:\/\/mhf.ro\/mm\/wp-json\/wp\/v2\/posts\/9039","targetHints":{"allow":["GET"]}}],"collection":[{"href":"https:\/\/mhf.ro\/mm\/wp-json\/wp\/v2\/posts"}],"about":[{"href":"https:\/\/mhf.ro\/mm\/wp-json\/wp\/v2\/types\/post"}],"author":[{"embeddable":true,"href":"https:\/\/mhf.ro\/mm\/wp-json\/wp\/v2\/users\/4"}],"replies":[{"embeddable":true,"href":"https:\/\/mhf.ro\/mm\/wp-json\/wp\/v2\/comments?post=9039"}],"version-history":[{"count":1,"href":"https:\/\/mhf.ro\/mm\/wp-json\/wp\/v2\/posts\/9039\/revisions"}],"predecessor-version":[{"id":9040,"href":"https:\/\/mhf.ro\/mm\/wp-json\/wp\/v2\/posts\/9039\/revisions\/9040"}],"wp:featuredmedia":[{"embeddable":true,"href":"https:\/\/mhf.ro\/mm\/wp-json\/wp\/v2\/media\/6127"}],"wp:attachment":[{"href":"https:\/\/mhf.ro\/mm\/wp-json\/wp\/v2\/media?parent=9039"}],"wp:term":[{"taxonomy":"category","embeddable":true,"href":"https:\/\/mhf.ro\/mm\/wp-json\/wp\/v2\/categories?post=9039"},{"taxonomy":"post_tag","embeddable":true,"href":"https:\/\/mhf.ro\/mm\/wp-json\/wp\/v2\/tags?post=9039"}],"curies":[{"name":"wp","href":"https:\/\/api.w.org\/{rel}","templated":true}]}}