{"id":9041,"date":"2023-05-03T10:58:17","date_gmt":"2023-05-03T08:58:17","guid":{"rendered":"https:\/\/mhf.ro\/mm\/?p=9041"},"modified":"2023-05-01T11:13:18","modified_gmt":"2023-05-01T09:13:18","slug":"despre-agricultura-romaneasca","status":"publish","type":"post","link":"https:\/\/mhf.ro\/mm\/despre-agricultura-romaneasca\/","title":{"rendered":"Despre agricultura rom\u00e2neasc\u0103"},"content":{"rendered":"<div><span style=\"color: #000000; font-size: large;\"><b>Rom\u00e2niei i-a fost interzis, timp de 20 de ani, s\u0103 achizi\u021bioneze la rezerva de stat hran\u0103 care s\u0103 ajung\u0103 popula\u021biei mai mult de 3 s\u0103pt\u0103m\u00e2ni<\/b><b>.<br \/>\n<\/b><\/span><\/div>\n<div><b><span style=\"color: #000000; font-size: large;\">\u00a0<\/span><\/b><\/div>\n<div><span style=\"color: #000000; font-size: large;\"><b>Prevederea a fost inclus\u0103 \u00eentr-un acord de \u00eemprumut cu americanii de la Banca Mondial\u0103, din 1997, care, \u00een plus, ne-a obligat s\u0103 lichid\u0103m toate societ\u0103\u021bile agricole din \u021bar\u0103, l\u0103s\u00e2nd \u021bara la m\u00e2na importurilor \u0219i a traderilor.<\/b><\/span><\/div>\n<div><span style=\"color: #000000; font-size: large;\"><b>\u00a0<\/b><\/span><\/div>\n<div><b><span style=\"color: #000000; font-size: large;\">\u00cen ultimii 25 de ani, Rom\u00e2nia a avut alimente \u00een rezerva de stat care ar fi ajuns popula\u021biei, \u00een caz de necesitate, pentru doar 3 s\u0103pt\u0103m\u00e2ni.<\/span><\/b><\/div>\n<div><b><span style=\"color: #000000; font-size: large;\">\u00a0<\/span><\/b><\/div>\n<div><b><span style=\"color: #000000; font-size: large;\">\u00a0Prima \u00eencercare de a majora achizi\u021bia de gr\u00e2u la rezerva de stat a fost f\u0103cut\u0103 \u00een 2018, de c\u0103tre Petre Daea, \u00eens\u0103 nu a avut succes.<br \/>\n<\/span><\/b><\/div>\n<div><b><span style=\"color: #000000; font-size: large;\">\u00a0<\/span><\/b><\/div>\n<div><span style=\"color: #000000; font-size: large;\"><b>Mai insistent s-a dovedit \u00eens\u0103 <\/b><b>Adrian Chesnoiu,<\/b><b> care, \u00een decembrie 2021, c\u00e2nd era ministru al Agriculturii, a reluat demersurile.<\/b><\/span><\/div>\n<div><span style=\"color: #000000; font-size: large;\"><b>\u00a0<\/b><\/span><\/div>\n<div><span style=\"color: #000000; font-size: large;\"><b>Acesta a reu\u0219it s\u0103 afle c\u0103 motivul pentru care nu reu\u0219eam s\u0103 cump\u0103r\u0103m hran\u0103 la rezerva de stat era o interdic\u021bie instituit\u0103 de americanii de la Banca Mondial\u0103, trecut\u0103 \u00eentr-un acord de \u00eemprumut semnat \u00een 1997.<\/b><\/span><\/div>\n<div><span style=\"color: #000000; font-size: large;\"><b>\u00a0<\/b><\/span><\/div>\n<div><b><span style=\"color: #000000; font-size: large;\">&#8222;Eu am cerut explica\u021bii, s\u0103 v\u0103d de ce nu se poate.<br \/>\n<\/span><\/b><\/div>\n<div><b><span style=\"color: #000000; font-size: large;\">Mi s-a spus c\u0103 exist\u0103 Ordonan\u021ba 13 din 1997 care ne interzice acest lucru.<br \/>\n<\/span><\/b><\/div>\n<div><span style=\"color: #000000; font-size: large;\"><b>Am solicitat actul normativ, l-am studiat \u0219i am constatat c\u0103 este <\/b><b><u>cel mai mare atentat la siguran\u021ba na\u021bional\u0103 a Rom\u00e2niei, din punct de vedere al agriculturii<\/u><\/b><b>, comis pe timpul guvern\u0103rii CDR, cu<\/b><b> Victor Ciorbea premier.<\/b><\/span><\/div>\n<div dir=\"ltr\">\n<div><\/div>\n<\/div>\n<div><span style=\"color: #000000; font-size: large;\"><b>S\u0103 vede\u021bi c\u00e2t de mult a afectat Rom\u00e2nia aceast\u0103<\/b><b> Ordonan\u021b\u0103 13\/97.<\/b><b> Rom\u00e2nia s-a \u00eemprumutat \u00een 1997 de 350 milioane de dolari de la Banca Mondial\u0103 cu ni\u0219te <\/b><b><u>obliga\u021bii halucinante<\/u>,<\/b><b> ca s\u0103 vede\u021bi ce a putut s\u0103 scrie un guvern \u00een func\u021bie pentru \u021bara asta.<\/b><\/span><\/div>\n<div><b><span style=\"color: #000000; font-size: large;\">\u00a0<\/span><\/b><\/div>\n<div><span style=\"color: #000000; font-size: large;\"><b>\u00a0Pentru acest \u00eemprumut, Rom\u00e2nia s-a obligat s\u0103 nu m\u0103reasc\u0103 rezerva de stat mai mult de 350.000 de tone de cereale, \u00eensemna consumul Rom\u00e2niei pe 3 s\u0103pt\u0103m\u00e2ni, s\u0103 privatizeze sau <\/b><b><i>s\u0103 lichideze 1.600 de societ\u0103\u021bi agricole de produc\u021bie, 150 de societ\u0103\u021bi de produc\u021bie din piscicultur\u0103 \u0219i acvacultur\u0103, Comcerealul \u0219i Semromul,<\/i><\/b><b> \u0219i toat\u0103 lumea m\u0103 \u00eentreab\u0103 azi de ce cump\u0103r\u0103m semin\u021be de la companii str\u0103ine.<br \/>\n<\/b><\/span><\/div>\n<div><b><span style=\"color: #000000; font-size: large;\">\u00a0<\/span><\/b><\/div>\n<div><span style=\"color: #000000; font-size: large;\"><b>P\u0103i din 1997 facem asta, c\u0103 <\/b><b>ne-am angajat, ca stat, s\u0103 lichid\u0103m sau s\u0103 privatiz\u0103m<\/b><b> structuri de importan\u021b\u0103 strategic\u0103 na\u021bional\u0103&#8221;, a declarat Adrian Chesnoiu, fostul ministru al Agriculturii.<\/b><\/span><\/div>\n<div><\/div>\n<div>\n<p><b><span style=\"color: #000000; font-size: large;\">Pentru acest \u00eemprumut, Rom\u00e2nia s-a obligat s\u0103 nu m\u0103reasc\u0103 rezerva de stat mai mult de 350.000 de tone de cereale, \u00eensemna consumul Rom\u00e2niei pe 3 s\u0103pt\u0103m\u00e2ni, s\u0103 privatizeze sau s\u0103 lichideze 1.600 de societ\u0103\u021bi agricole de produc\u021bie, 150 de societ\u0103\u021bi de produc\u021bie din piscicultur\u0103 \u0219i acvacultur\u0103, Comcerealul \u0219i Semromul, \u0219i toat\u0103 lumea m\u0103 \u00eentreab\u0103 azi de ce cump\u0103r\u0103m semin\u021be de la companii str\u0103ine.<\/span><\/b><\/p>\n<div><b><span style=\"color: #000000; font-size: large;\">\u00a0<\/span><\/b><\/div>\n<div><span style=\"color: #000000; font-size: large;\"><b>\u00a0P\u0103i din 1997 facem asta, c\u0103 ne-am angajat, ca stat, s\u0103 lichid\u0103m sau s\u0103 privatiz\u0103m structuri de importan\u021b\u0103 strategic\u0103 na\u021bional\u0103&#8221;, a declarat <\/b><b>Adrian Chesnoiu,<\/b><b> fostul ministru al Agriculturii.<\/b><\/span><\/div>\n<div><span style=\"color: #000000; font-size: large;\"><b>Culmea este c\u0103 nici m\u0103car nu era nevoie s\u0103 se schimbe Ordonan\u021ba 13\/1997, pentru c\u0103 \u00eemprumutul de la Banca Mondial\u0103 a fost rambursat \u00een 2017,<\/b><b> ceea ce face ca acel act normativ s\u0103 fie caduc<\/b><b>.<\/b><\/span><\/div>\n<div><b><span style=\"color: #000000; font-size: large;\">\u00a0<\/span><\/b><\/div>\n<div><b><span style=\"color: #000000; font-size: large;\">\u00a0&#8222;Am demarat \u00een decembrie ini\u021biativa de modificare a Legii rezervelor de stat, m-am luptat 6 luni ca s\u0103 o elaborez, \u0219i am reu\u0219it s\u0103 ob\u021bin o majorare a rezervei de stat, nu numai la gr\u00e2u, dar \u0219i la celelalte produse alimentare, astfel \u00eenc\u00e2t s\u0103 ajung\u0103 pentru doi ani, ca \u0219i \u00een celelalte \u021b\u0103ri europene.<\/span><\/b><\/div>\n<div><b><span style=\"color: #000000; font-size: large;\">\u00a0<\/span><\/b><\/div>\n<div><b><span style=\"color: #000000; font-size: large;\">\u00a0\u0218tiu c\u0103 urma, \u00een iunie, c\u00e2nd am plecat de la minister, s\u0103 fie adoptat\u0103 de Guvern&#8221;, a mai spus Chesnoiu. \u00cen Monitorul Oficial a ap\u0103rut \u00eens\u0103, \u00een iunie, doar o ordonan\u021b\u0103 cu modific\u0103ri legate de golirea rezervelor de stat, \u00een contextul ajutoarelor trimise Ucrainei, \u0219i prevedea doar completarea stocurilor \u0219i posibilitatea unor achizi\u021bii de urgen\u021b\u0103.<\/span><\/b><\/div>\n<div><b><span style=\"color: #000000; font-size: large;\">\u00a0<\/span><\/b><\/div>\n<div><span style=\"color: #000000; font-size: large;\"><b>\u00a0\u00cen rest, <\/b><b>Guvernul nu s-a sinchisit s\u0103 achizi\u021bioneze gr\u00e2u la rezerva de stat<\/b><b>, l\u0103s\u00e2nd \u0219i fermierii la m\u00e2na traderilor de cereale, care le-au oferit pre\u021buri care nu acopereau nici costurile de produc\u021bie.<\/b><\/span><\/div>\n<div><b><span style=\"color: #000000; font-size: large;\">\u00a0<\/span><\/b><\/div>\n<div><b><span style=\"color: #000000; font-size: large;\">\u00cen acordul de \u00eemprumut cu Banca Mondial\u0103, Rom\u00e2nia a fost obligat\u0103 s\u0103 elimine toate subven\u021biile la \u00eengr\u0103\u0219\u0103minte, s\u0103 reduc\u0103 cu cel pu\u021bin 25% subven\u021biile la semin\u021be, s\u0103 lichideze sau s\u0103 privatizeze Unisem \u0219i Semrom, 20 de societ\u0103\u021bi comerciale ale ANPA (Agen\u0163ia Na\u0163ional\u0103 pentru Produsele Agricole), 44 de societ\u0103\u0163i Comcereal, 1.500 societ\u0103\u0163i de stat, 82 foste societ\u0103\u0163i prestatoare de servicii agricole \u0219i cel pu\u0163in 100 foste ferme de stat.<\/span><\/b><\/div>\n<div><span style=\"color: #000000; font-size: large;\"><b>\u00a0<\/b><\/span><\/div>\n<div><b><span style=\"color: #000000; font-size: large;\">\u00a0Mai mult, Rom\u00e2nia a fost obligat\u0103 de c\u0103tre Banca Mondial\u0103 s\u0103 privatizeze sau s\u0103 lichideze toate fermele de cre\u015ftere a porcinelor \u015fi p\u0103s\u0103rilor apar\u0163in\u00e2nd statului.<br \/>\n<\/span><\/b><\/div>\n<div><b><span style=\"color: #000000; font-size: large;\">\u00a0<\/span><\/b><\/div>\n<div dir=\"ltr\"><span style=\"color: #000000; font-size: large;\"><b>Romani sa stiti : precizam c\u0103, ast\u0103zi, <\/b><b>niciunul dintre silozurile de cereale de pe teritoriul \u021b\u0103rii nu mai apar\u021bine Rom\u00e2niei \u0219i, \u00een mod \u00eent\u00e2mpl\u0103tor sau nu, acestea sunt de\u021binute de fondurile de investi\u021bii americane<\/b><\/span><\/div>\n<\/div>\n","protected":false},"excerpt":{"rendered":"<p>Rom\u00e2niei i-a fost interzis, timp de 20 de ani, s\u0103 achizi\u021bioneze la rezerva de stat hran\u0103 care s\u0103 ajung\u0103 popula\u021biei<\/p>\n","protected":false},"author":4,"featured_media":8954,"comment_status":"open","ping_status":"open","sticky":false,"template":"","format":"standard","meta":{"colormag_page_container_layout":"default_layout","colormag_page_sidebar_layout":"default_layout","footnotes":""},"categories":[8],"tags":[],"class_list":["post-9041","post","type-post","status-publish","format-standard","has-post-thumbnail","hentry","category-div"],"yoast_head":"<!-- This site is optimized with the Yoast SEO plugin v27.0 - https:\/\/yoast.com\/product\/yoast-seo-wordpress\/ -->\n<title>Despre agricultura rom\u00e2neasc\u0103 - MHF Photography<\/title>\n<meta name=\"robots\" content=\"index, follow, max-snippet:-1, max-image-preview:large, max-video-preview:-1\" \/>\n<link rel=\"canonical\" href=\"https:\/\/mhf.ro\/mm\/despre-agricultura-romaneasca\/\" \/>\n<meta property=\"og:locale\" content=\"ro_RO\" \/>\n<meta property=\"og:type\" content=\"article\" \/>\n<meta property=\"og:title\" content=\"Despre agricultura rom\u00e2neasc\u0103 - MHF Photography\" \/>\n<meta property=\"og:description\" content=\"Rom\u00e2niei i-a fost interzis, timp de 20 de ani, s\u0103 achizi\u021bioneze la rezerva de stat hran\u0103 care s\u0103 ajung\u0103 popula\u021biei\" \/>\n<meta property=\"og:url\" content=\"https:\/\/mhf.ro\/mm\/despre-agricultura-romaneasca\/\" \/>\n<meta property=\"og:site_name\" content=\"MHF Photography\" \/>\n<meta property=\"article:published_time\" content=\"2023-05-03T08:58:17+00:00\" \/>\n<meta property=\"og:image\" content=\"https:\/\/mhf.ro\/mm\/wp-content\/uploads\/2023\/04\/drumetie_0.jpg\" \/>\n\t<meta property=\"og:image:width\" content=\"1280\" \/>\n\t<meta property=\"og:image:height\" content=\"855\" \/>\n\t<meta property=\"og:image:type\" content=\"image\/jpeg\" \/>\n<meta name=\"author\" content=\"Preot paroh Horvat Petru\" \/>\n<meta name=\"twitter:card\" content=\"summary_large_image\" \/>\n<meta name=\"twitter:label1\" content=\"Scris de\" \/>\n\t<meta name=\"twitter:data1\" content=\"Preot paroh Horvat Petru\" \/>\n\t<meta name=\"twitter:label2\" content=\"Timp estimat pentru citire\" \/>\n\t<meta name=\"twitter:data2\" content=\"4 minute\" \/>\n<script type=\"application\/ld+json\" class=\"yoast-schema-graph\">{\"@context\":\"https:\/\/schema.org\",\"@graph\":[{\"@type\":\"Article\",\"@id\":\"https:\/\/mhf.ro\/mm\/despre-agricultura-romaneasca\/#article\",\"isPartOf\":{\"@id\":\"https:\/\/mhf.ro\/mm\/despre-agricultura-romaneasca\/\"},\"author\":{\"name\":\"Preot paroh Horvat Petru\",\"@id\":\"https:\/\/mhf.ro\/mm\/#\/schema\/person\/4c8c06c801b7b666e81ed44550086900\"},\"headline\":\"Despre agricultura rom\u00e2neasc\u0103\",\"datePublished\":\"2023-05-03T08:58:17+00:00\",\"mainEntityOfPage\":{\"@id\":\"https:\/\/mhf.ro\/mm\/despre-agricultura-romaneasca\/\"},\"wordCount\":850,\"commentCount\":0,\"publisher\":{\"@id\":\"https:\/\/mhf.ro\/mm\/#\/schema\/person\/a3bebf7bdb4bf12f698aff73c7e46c21\"},\"image\":{\"@id\":\"https:\/\/mhf.ro\/mm\/despre-agricultura-romaneasca\/#primaryimage\"},\"thumbnailUrl\":\"https:\/\/mhf.ro\/mm\/wp-content\/uploads\/2023\/04\/drumetie_0.jpg\",\"articleSection\":[\"Diverse\"],\"inLanguage\":\"ro-RO\",\"potentialAction\":[{\"@type\":\"CommentAction\",\"name\":\"Comment\",\"target\":[\"https:\/\/mhf.ro\/mm\/despre-agricultura-romaneasca\/#respond\"]}]},{\"@type\":\"WebPage\",\"@id\":\"https:\/\/mhf.ro\/mm\/despre-agricultura-romaneasca\/\",\"url\":\"https:\/\/mhf.ro\/mm\/despre-agricultura-romaneasca\/\",\"name\":\"Despre agricultura rom\u00e2neasc\u0103 - MHF Photography\",\"isPartOf\":{\"@id\":\"https:\/\/mhf.ro\/mm\/#website\"},\"primaryImageOfPage\":{\"@id\":\"https:\/\/mhf.ro\/mm\/despre-agricultura-romaneasca\/#primaryimage\"},\"image\":{\"@id\":\"https:\/\/mhf.ro\/mm\/despre-agricultura-romaneasca\/#primaryimage\"},\"thumbnailUrl\":\"https:\/\/mhf.ro\/mm\/wp-content\/uploads\/2023\/04\/drumetie_0.jpg\",\"datePublished\":\"2023-05-03T08:58:17+00:00\",\"breadcrumb\":{\"@id\":\"https:\/\/mhf.ro\/mm\/despre-agricultura-romaneasca\/#breadcrumb\"},\"inLanguage\":\"ro-RO\",\"potentialAction\":[{\"@type\":\"ReadAction\",\"target\":[\"https:\/\/mhf.ro\/mm\/despre-agricultura-romaneasca\/\"]}]},{\"@type\":\"ImageObject\",\"inLanguage\":\"ro-RO\",\"@id\":\"https:\/\/mhf.ro\/mm\/despre-agricultura-romaneasca\/#primaryimage\",\"url\":\"https:\/\/mhf.ro\/mm\/wp-content\/uploads\/2023\/04\/drumetie_0.jpg\",\"contentUrl\":\"https:\/\/mhf.ro\/mm\/wp-content\/uploads\/2023\/04\/drumetie_0.jpg\",\"width\":1280,\"height\":855},{\"@type\":\"BreadcrumbList\",\"@id\":\"https:\/\/mhf.ro\/mm\/despre-agricultura-romaneasca\/#breadcrumb\",\"itemListElement\":[{\"@type\":\"ListItem\",\"position\":1,\"name\":\"Prima pagin\u0103\",\"item\":\"https:\/\/mhf.ro\/mm\/\"},{\"@type\":\"ListItem\",\"position\":2,\"name\":\"Despre agricultura rom\u00e2neasc\u0103\"}]},{\"@type\":\"WebSite\",\"@id\":\"https:\/\/mhf.ro\/mm\/#website\",\"url\":\"https:\/\/mhf.ro\/mm\/\",\"name\":\"MHF Photography \u2013 Blog de fotografie, natur\u0103 \u0219i tehnic\u0103 divers\u0103\",\"description\":\"Aventur\u0103 \u00een fiecare cadru.\",\"publisher\":{\"@id\":\"https:\/\/mhf.ro\/mm\/#\/schema\/person\/a3bebf7bdb4bf12f698aff73c7e46c21\"},\"potentialAction\":[{\"@type\":\"SearchAction\",\"target\":{\"@type\":\"EntryPoint\",\"urlTemplate\":\"https:\/\/mhf.ro\/mm\/?s={search_term_string}\"},\"query-input\":{\"@type\":\"PropertyValueSpecification\",\"valueRequired\":true,\"valueName\":\"search_term_string\"}}],\"inLanguage\":\"ro-RO\"},{\"@type\":[\"Person\",\"Organization\"],\"@id\":\"https:\/\/mhf.ro\/mm\/#\/schema\/person\/a3bebf7bdb4bf12f698aff73c7e46c21\",\"name\":\"Marius Marcu\",\"image\":{\"@type\":\"ImageObject\",\"inLanguage\":\"ro-RO\",\"@id\":\"https:\/\/mhf.ro\/mm\/#\/schema\/person\/image\/\",\"url\":\"https:\/\/mhf.ro\/mm\/wp-content\/uploads\/2025\/12\/cropped-logo_mhf_2.png\",\"contentUrl\":\"https:\/\/mhf.ro\/mm\/wp-content\/uploads\/2025\/12\/cropped-logo_mhf_2.png\",\"width\":1096,\"height\":457,\"caption\":\"Marius Marcu\"},\"logo\":{\"@id\":\"https:\/\/mhf.ro\/mm\/#\/schema\/person\/image\/\"},\"sameAs\":[\"https:\/\/mhf.ro\/mm\"]},{\"@type\":\"Person\",\"@id\":\"https:\/\/mhf.ro\/mm\/#\/schema\/person\/4c8c06c801b7b666e81ed44550086900\",\"name\":\"Preot paroh Horvat Petru\",\"image\":{\"@type\":\"ImageObject\",\"inLanguage\":\"ro-RO\",\"@id\":\"https:\/\/mhf.ro\/mm\/#\/schema\/person\/image\/\",\"url\":\"https:\/\/secure.gravatar.com\/avatar\/c2d2dcdf21c6f41aad486d71768c144cd6e23cb7b63bae9bd6fab542b26ad321?s=96&d=monsterid&r=g\",\"contentUrl\":\"https:\/\/secure.gravatar.com\/avatar\/c2d2dcdf21c6f41aad486d71768c144cd6e23cb7b63bae9bd6fab542b26ad321?s=96&d=monsterid&r=g\",\"caption\":\"Preot paroh Horvat Petru\"},\"sameAs\":[\"https:\/\/mhf.ro\/mm\"],\"url\":\"https:\/\/mhf.ro\/mm\/author\/petrica\/\"}]}<\/script>\n<!-- \/ Yoast SEO plugin. -->","yoast_head_json":{"title":"Despre agricultura rom\u00e2neasc\u0103 - MHF Photography","robots":{"index":"index","follow":"follow","max-snippet":"max-snippet:-1","max-image-preview":"max-image-preview:large","max-video-preview":"max-video-preview:-1"},"canonical":"https:\/\/mhf.ro\/mm\/despre-agricultura-romaneasca\/","og_locale":"ro_RO","og_type":"article","og_title":"Despre agricultura rom\u00e2neasc\u0103 - MHF Photography","og_description":"Rom\u00e2niei i-a fost interzis, timp de 20 de ani, s\u0103 achizi\u021bioneze la rezerva de stat hran\u0103 care s\u0103 ajung\u0103 popula\u021biei","og_url":"https:\/\/mhf.ro\/mm\/despre-agricultura-romaneasca\/","og_site_name":"MHF Photography","article_published_time":"2023-05-03T08:58:17+00:00","og_image":[{"width":1280,"height":855,"url":"https:\/\/mhf.ro\/mm\/wp-content\/uploads\/2023\/04\/drumetie_0.jpg","type":"image\/jpeg"}],"author":"Preot paroh Horvat Petru","twitter_card":"summary_large_image","twitter_misc":{"Scris de":"Preot paroh Horvat Petru","Timp estimat pentru citire":"4 minute"},"schema":{"@context":"https:\/\/schema.org","@graph":[{"@type":"Article","@id":"https:\/\/mhf.ro\/mm\/despre-agricultura-romaneasca\/#article","isPartOf":{"@id":"https:\/\/mhf.ro\/mm\/despre-agricultura-romaneasca\/"},"author":{"name":"Preot paroh Horvat Petru","@id":"https:\/\/mhf.ro\/mm\/#\/schema\/person\/4c8c06c801b7b666e81ed44550086900"},"headline":"Despre agricultura rom\u00e2neasc\u0103","datePublished":"2023-05-03T08:58:17+00:00","mainEntityOfPage":{"@id":"https:\/\/mhf.ro\/mm\/despre-agricultura-romaneasca\/"},"wordCount":850,"commentCount":0,"publisher":{"@id":"https:\/\/mhf.ro\/mm\/#\/schema\/person\/a3bebf7bdb4bf12f698aff73c7e46c21"},"image":{"@id":"https:\/\/mhf.ro\/mm\/despre-agricultura-romaneasca\/#primaryimage"},"thumbnailUrl":"https:\/\/mhf.ro\/mm\/wp-content\/uploads\/2023\/04\/drumetie_0.jpg","articleSection":["Diverse"],"inLanguage":"ro-RO","potentialAction":[{"@type":"CommentAction","name":"Comment","target":["https:\/\/mhf.ro\/mm\/despre-agricultura-romaneasca\/#respond"]}]},{"@type":"WebPage","@id":"https:\/\/mhf.ro\/mm\/despre-agricultura-romaneasca\/","url":"https:\/\/mhf.ro\/mm\/despre-agricultura-romaneasca\/","name":"Despre agricultura rom\u00e2neasc\u0103 - MHF Photography","isPartOf":{"@id":"https:\/\/mhf.ro\/mm\/#website"},"primaryImageOfPage":{"@id":"https:\/\/mhf.ro\/mm\/despre-agricultura-romaneasca\/#primaryimage"},"image":{"@id":"https:\/\/mhf.ro\/mm\/despre-agricultura-romaneasca\/#primaryimage"},"thumbnailUrl":"https:\/\/mhf.ro\/mm\/wp-content\/uploads\/2023\/04\/drumetie_0.jpg","datePublished":"2023-05-03T08:58:17+00:00","breadcrumb":{"@id":"https:\/\/mhf.ro\/mm\/despre-agricultura-romaneasca\/#breadcrumb"},"inLanguage":"ro-RO","potentialAction":[{"@type":"ReadAction","target":["https:\/\/mhf.ro\/mm\/despre-agricultura-romaneasca\/"]}]},{"@type":"ImageObject","inLanguage":"ro-RO","@id":"https:\/\/mhf.ro\/mm\/despre-agricultura-romaneasca\/#primaryimage","url":"https:\/\/mhf.ro\/mm\/wp-content\/uploads\/2023\/04\/drumetie_0.jpg","contentUrl":"https:\/\/mhf.ro\/mm\/wp-content\/uploads\/2023\/04\/drumetie_0.jpg","width":1280,"height":855},{"@type":"BreadcrumbList","@id":"https:\/\/mhf.ro\/mm\/despre-agricultura-romaneasca\/#breadcrumb","itemListElement":[{"@type":"ListItem","position":1,"name":"Prima pagin\u0103","item":"https:\/\/mhf.ro\/mm\/"},{"@type":"ListItem","position":2,"name":"Despre agricultura rom\u00e2neasc\u0103"}]},{"@type":"WebSite","@id":"https:\/\/mhf.ro\/mm\/#website","url":"https:\/\/mhf.ro\/mm\/","name":"MHF Photography \u2013 Blog de fotografie, natur\u0103 \u0219i tehnic\u0103 divers\u0103","description":"Aventur\u0103 \u00een fiecare cadru.","publisher":{"@id":"https:\/\/mhf.ro\/mm\/#\/schema\/person\/a3bebf7bdb4bf12f698aff73c7e46c21"},"potentialAction":[{"@type":"SearchAction","target":{"@type":"EntryPoint","urlTemplate":"https:\/\/mhf.ro\/mm\/?s={search_term_string}"},"query-input":{"@type":"PropertyValueSpecification","valueRequired":true,"valueName":"search_term_string"}}],"inLanguage":"ro-RO"},{"@type":["Person","Organization"],"@id":"https:\/\/mhf.ro\/mm\/#\/schema\/person\/a3bebf7bdb4bf12f698aff73c7e46c21","name":"Marius Marcu","image":{"@type":"ImageObject","inLanguage":"ro-RO","@id":"https:\/\/mhf.ro\/mm\/#\/schema\/person\/image\/","url":"https:\/\/mhf.ro\/mm\/wp-content\/uploads\/2025\/12\/cropped-logo_mhf_2.png","contentUrl":"https:\/\/mhf.ro\/mm\/wp-content\/uploads\/2025\/12\/cropped-logo_mhf_2.png","width":1096,"height":457,"caption":"Marius Marcu"},"logo":{"@id":"https:\/\/mhf.ro\/mm\/#\/schema\/person\/image\/"},"sameAs":["https:\/\/mhf.ro\/mm"]},{"@type":"Person","@id":"https:\/\/mhf.ro\/mm\/#\/schema\/person\/4c8c06c801b7b666e81ed44550086900","name":"Preot paroh Horvat Petru","image":{"@type":"ImageObject","inLanguage":"ro-RO","@id":"https:\/\/mhf.ro\/mm\/#\/schema\/person\/image\/","url":"https:\/\/secure.gravatar.com\/avatar\/c2d2dcdf21c6f41aad486d71768c144cd6e23cb7b63bae9bd6fab542b26ad321?s=96&d=monsterid&r=g","contentUrl":"https:\/\/secure.gravatar.com\/avatar\/c2d2dcdf21c6f41aad486d71768c144cd6e23cb7b63bae9bd6fab542b26ad321?s=96&d=monsterid&r=g","caption":"Preot paroh Horvat Petru"},"sameAs":["https:\/\/mhf.ro\/mm"],"url":"https:\/\/mhf.ro\/mm\/author\/petrica\/"}]}},"_links":{"self":[{"href":"https:\/\/mhf.ro\/mm\/wp-json\/wp\/v2\/posts\/9041","targetHints":{"allow":["GET"]}}],"collection":[{"href":"https:\/\/mhf.ro\/mm\/wp-json\/wp\/v2\/posts"}],"about":[{"href":"https:\/\/mhf.ro\/mm\/wp-json\/wp\/v2\/types\/post"}],"author":[{"embeddable":true,"href":"https:\/\/mhf.ro\/mm\/wp-json\/wp\/v2\/users\/4"}],"replies":[{"embeddable":true,"href":"https:\/\/mhf.ro\/mm\/wp-json\/wp\/v2\/comments?post=9041"}],"version-history":[{"count":2,"href":"https:\/\/mhf.ro\/mm\/wp-json\/wp\/v2\/posts\/9041\/revisions"}],"predecessor-version":[{"id":9043,"href":"https:\/\/mhf.ro\/mm\/wp-json\/wp\/v2\/posts\/9041\/revisions\/9043"}],"wp:featuredmedia":[{"embeddable":true,"href":"https:\/\/mhf.ro\/mm\/wp-json\/wp\/v2\/media\/8954"}],"wp:attachment":[{"href":"https:\/\/mhf.ro\/mm\/wp-json\/wp\/v2\/media?parent=9041"}],"wp:term":[{"taxonomy":"category","embeddable":true,"href":"https:\/\/mhf.ro\/mm\/wp-json\/wp\/v2\/categories?post=9041"},{"taxonomy":"post_tag","embeddable":true,"href":"https:\/\/mhf.ro\/mm\/wp-json\/wp\/v2\/tags?post=9041"}],"curies":[{"name":"wp","href":"https:\/\/api.w.org\/{rel}","templated":true}]}}