{"id":9045,"date":"2023-05-01T11:28:25","date_gmt":"2023-05-01T09:28:25","guid":{"rendered":"https:\/\/mhf.ro\/mm\/?p=9045"},"modified":"2023-05-01T11:28:25","modified_gmt":"2023-05-01T09:28:25","slug":"poezie-si-incantare","status":"publish","type":"post","link":"https:\/\/mhf.ro\/mm\/poezie-si-incantare\/","title":{"rendered":"Poezie \u0219i (\u00een)c\u00e2ntare"},"content":{"rendered":"<p><span style=\"color: #003366; font-family: times new roman, times, serif; font-size: x-large;\">Christos a \u00eenviat<\/span><br \/>\n<span style=\"font-family: Verdana, Arial, Helvetica, sans-serif; font-size: small;\"><b>de <\/b><a title=\"Alexandru_Vlahuta\" href=\"https:\/\/www.poezie.ro\/index.php\/author\/0004807\/Alexandru_Vlahu\u021b\u0103\" rel=\"author\"><b>Alexandru Vlahu\u021b\u0103<\/b><\/a>\u00a0<\/span><\/p>\n<p>\u0218i-au tremurat st\u0103p\u00e2nii lumii<br \/>\nLa glasul bl\u00e2ndului profet<br \/>\n\u0218i-un dusman au v\u0103zut \u00een fiul<br \/>\nDulgherului din Nazaret!<\/p>\n<p>El n-a venit s\u0103 r\u0103zvr\u0103teasc\u0103<br \/>\nNu vrea pieirea nim\u0103nui;<br \/>\nDescul\u021b, pe jos, colinda lumea<br \/>\n\u0218i mul\u021bi hulesc \u00een urma lui.<\/p>\n<p>\u0218i mul\u021bi cu pietre \u00eel alung\u0103<br \/>\n\u0218i r\u00e2d de el ca de-un smintit:<br \/>\nIisus z\u00e2mbe\u0219te tuturora-<br \/>\nAtotputernic \u0219i smerit!<\/p>\n<p>El orbilor le da lumina,<br \/>\n\u0218i mu\u021bilor le d\u0103 cuv\u00e2nt,<br \/>\nPe cei infirmi \u00eei \u00eent\u0103re\u0219te,<br \/>\nPe mor\u021bi \u00eei scoal\u0103 din morm\u00e2nt.<\/p>\n<p>\u0218i tuturor de o potriv\u0103.<br \/>\n\u00cemparte darul lui ceresc-<br \/>\n\u0218i celor care cred \u00eentr-\u00eensul,<br \/>\n\u0218i celor ce-l batjocoresc.<\/p>\n<p>Urasc\u0103-l cei f\u0103r\u0103 de lege&#8230;<br \/>\nCe-i pas\u0103 lui de ura lor?<br \/>\nEl a venit s-aduc\u0103 pacea<br \/>\n\u0218i \u00eenfr\u0103\u021birea tuturor.<\/p>\n<p>Din toat\u0103 lumea asupri\u021bii<br \/>\n\u00cen jurul lui s-au gr\u0103m\u0103dit<br \/>\n\u0218i-n vijeliile de patimi<br \/>\nLa glasul lui au amu\u021bit:<\/p>\n<p>&#8222;Fi\u021bi bl\u00e2nzi cu cei ce v\u0103 insult\u0103,<br \/>\nIerta\u021bi pe cei ce v\u0103 lovesc,<br \/>\nIubi\u021bi pe cei ce-n contra voastr\u0103<br \/>\nCu vr\u0103jm\u0103\u0219ie se pornesc&#8221;&#8230;<\/p>\n<p>II<\/p>\n<p>C\u00e2t bine, c\u00e2t\u0103 fericire,<br \/>\n\u0218i c\u00e2t\u0103 dragoste-ai adus!<br \/>\n\u0218i oamenii drept r\u0103spl\u0103tire<br \/>\nPe cruce-ntre t\u00e2lhari te-au pus.<\/p>\n<p>Au r\u00e2s \u0219i te-au scuipat \u00een fa\u021b\u0103<br \/>\nDin spini cununa \u021bi-au f\u0103cut,<br \/>\n\u0218i \u00een de\u0219arta lor trufie<br \/>\nSt\u0103p\u00e2ni desupr\u00e3-\u021bi s-au crezut&#8230;<\/p>\n<p>Aduce\u021bi piatra cea mai mare<br \/>\nMorm\u00e2ntul s\u0103-i acoperi\u021bi<br \/>\nChema\u021bi suta\u0219ii cei mai ageri,<br \/>\n\u0218i str\u0103ji de noapte r\u00e2ndui\u021bi&#8230;<\/p>\n<p>III<\/p>\n<p>S-au veselit necredincio\u0219ii<br \/>\nC-au pus luminii st\u0103vilar,<br \/>\nDar ea s-a \u00eent\u0103rit \u00een focul<br \/>\nDurerilor de la Calvar,<\/p>\n<p>\u0218i valurile-i neoprite<br \/>\nPeste pamant se \u00eemp\u00e2nzesc,<br \/>\nDuc\u00e2nd dreptate \u0219i iubire<br \/>\n\u0218i pace-n neamul omenesc.<\/p>\n<p>Voi to\u021bi, ce-a\u021bi pl\u00e2ns \u00een \u00eentuneric<br \/>\n\u0218i nimeni nu v-a m\u00e2ng\u00e2iat,<br \/>\nDin lunga voastr\u0103-ngenunchere<br \/>\nScula\u021bi&#8230; Christos a \u00cenviat!<\/p>\n","protected":false},"excerpt":{"rendered":"<p>Christos a \u00eenviat de Alexandru Vlahu\u021b\u0103\u00a0 \u0218i-au tremurat st\u0103p\u00e2nii lumii La glasul bl\u00e2ndului profet \u0218i-un dusman au v\u0103zut \u00een fiul<\/p>\n","protected":false},"author":4,"featured_media":8553,"comment_status":"open","ping_status":"open","sticky":false,"template":"","format":"standard","meta":{"colormag_page_container_layout":"default_layout","colormag_page_sidebar_layout":"default_layout","footnotes":""},"categories":[35,34],"tags":[],"class_list":["post-9045","post","type-post","status-publish","format-standard","has-post-thumbnail","hentry","category-poezie","category-religie"],"yoast_head":"<!-- This site is optimized with the Yoast SEO plugin v27.0 - https:\/\/yoast.com\/product\/yoast-seo-wordpress\/ -->\n<title>Poezie \u0219i (\u00een)c\u00e2ntare - MHF Photography<\/title>\n<meta name=\"robots\" content=\"index, follow, max-snippet:-1, max-image-preview:large, max-video-preview:-1\" \/>\n<link rel=\"canonical\" href=\"https:\/\/mhf.ro\/mm\/poezie-si-incantare\/\" \/>\n<meta property=\"og:locale\" content=\"ro_RO\" \/>\n<meta property=\"og:type\" content=\"article\" \/>\n<meta property=\"og:title\" content=\"Poezie \u0219i (\u00een)c\u00e2ntare - MHF Photography\" \/>\n<meta property=\"og:description\" content=\"Christos a \u00eenviat de Alexandru Vlahu\u021b\u0103\u00a0 \u0218i-au tremurat st\u0103p\u00e2nii lumii La glasul bl\u00e2ndului profet \u0218i-un dusman au v\u0103zut \u00een fiul\" \/>\n<meta property=\"og:url\" content=\"https:\/\/mhf.ro\/mm\/poezie-si-incantare\/\" \/>\n<meta property=\"og:site_name\" content=\"MHF Photography\" \/>\n<meta property=\"article:published_time\" content=\"2023-05-01T09:28:25+00:00\" \/>\n<meta property=\"og:image\" content=\"https:\/\/mhf.ro\/mm\/wp-content\/uploads\/2023\/01\/femeia-cananeeanca-sau-examenul-credintei-202540.jpg\" \/>\n\t<meta property=\"og:image:width\" content=\"1000\" \/>\n\t<meta property=\"og:image:height\" content=\"697\" \/>\n\t<meta property=\"og:image:type\" content=\"image\/jpeg\" \/>\n<meta name=\"author\" content=\"Preot paroh Horvat Petru\" \/>\n<meta name=\"twitter:card\" content=\"summary_large_image\" \/>\n<meta name=\"twitter:label1\" content=\"Scris de\" \/>\n\t<meta name=\"twitter:data1\" content=\"Preot paroh Horvat Petru\" \/>\n\t<meta name=\"twitter:label2\" content=\"Timp estimat pentru citire\" \/>\n\t<meta name=\"twitter:data2\" content=\"2 minute\" \/>\n<script type=\"application\/ld+json\" class=\"yoast-schema-graph\">{\"@context\":\"https:\/\/schema.org\",\"@graph\":[{\"@type\":\"Article\",\"@id\":\"https:\/\/mhf.ro\/mm\/poezie-si-incantare\/#article\",\"isPartOf\":{\"@id\":\"https:\/\/mhf.ro\/mm\/poezie-si-incantare\/\"},\"author\":{\"name\":\"Preot paroh Horvat Petru\",\"@id\":\"https:\/\/mhf.ro\/mm\/#\/schema\/person\/4c8c06c801b7b666e81ed44550086900\"},\"headline\":\"Poezie \u0219i (\u00een)c\u00e2ntare\",\"datePublished\":\"2023-05-01T09:28:25+00:00\",\"mainEntityOfPage\":{\"@id\":\"https:\/\/mhf.ro\/mm\/poezie-si-incantare\/\"},\"wordCount\":340,\"commentCount\":0,\"publisher\":{\"@id\":\"https:\/\/mhf.ro\/mm\/#\/schema\/person\/a3bebf7bdb4bf12f698aff73c7e46c21\"},\"image\":{\"@id\":\"https:\/\/mhf.ro\/mm\/poezie-si-incantare\/#primaryimage\"},\"thumbnailUrl\":\"https:\/\/mhf.ro\/mm\/wp-content\/uploads\/2023\/01\/femeia-cananeeanca-sau-examenul-credintei-202540.jpg\",\"articleSection\":[\"Poezie\",\"Religie\"],\"inLanguage\":\"ro-RO\",\"potentialAction\":[{\"@type\":\"CommentAction\",\"name\":\"Comment\",\"target\":[\"https:\/\/mhf.ro\/mm\/poezie-si-incantare\/#respond\"]}]},{\"@type\":\"WebPage\",\"@id\":\"https:\/\/mhf.ro\/mm\/poezie-si-incantare\/\",\"url\":\"https:\/\/mhf.ro\/mm\/poezie-si-incantare\/\",\"name\":\"Poezie \u0219i (\u00een)c\u00e2ntare - MHF Photography\",\"isPartOf\":{\"@id\":\"https:\/\/mhf.ro\/mm\/#website\"},\"primaryImageOfPage\":{\"@id\":\"https:\/\/mhf.ro\/mm\/poezie-si-incantare\/#primaryimage\"},\"image\":{\"@id\":\"https:\/\/mhf.ro\/mm\/poezie-si-incantare\/#primaryimage\"},\"thumbnailUrl\":\"https:\/\/mhf.ro\/mm\/wp-content\/uploads\/2023\/01\/femeia-cananeeanca-sau-examenul-credintei-202540.jpg\",\"datePublished\":\"2023-05-01T09:28:25+00:00\",\"breadcrumb\":{\"@id\":\"https:\/\/mhf.ro\/mm\/poezie-si-incantare\/#breadcrumb\"},\"inLanguage\":\"ro-RO\",\"potentialAction\":[{\"@type\":\"ReadAction\",\"target\":[\"https:\/\/mhf.ro\/mm\/poezie-si-incantare\/\"]}]},{\"@type\":\"ImageObject\",\"inLanguage\":\"ro-RO\",\"@id\":\"https:\/\/mhf.ro\/mm\/poezie-si-incantare\/#primaryimage\",\"url\":\"https:\/\/mhf.ro\/mm\/wp-content\/uploads\/2023\/01\/femeia-cananeeanca-sau-examenul-credintei-202540.jpg\",\"contentUrl\":\"https:\/\/mhf.ro\/mm\/wp-content\/uploads\/2023\/01\/femeia-cananeeanca-sau-examenul-credintei-202540.jpg\",\"width\":1000,\"height\":697},{\"@type\":\"BreadcrumbList\",\"@id\":\"https:\/\/mhf.ro\/mm\/poezie-si-incantare\/#breadcrumb\",\"itemListElement\":[{\"@type\":\"ListItem\",\"position\":1,\"name\":\"Prima pagin\u0103\",\"item\":\"https:\/\/mhf.ro\/mm\/\"},{\"@type\":\"ListItem\",\"position\":2,\"name\":\"Poezie \u0219i (\u00een)c\u00e2ntare\"}]},{\"@type\":\"WebSite\",\"@id\":\"https:\/\/mhf.ro\/mm\/#website\",\"url\":\"https:\/\/mhf.ro\/mm\/\",\"name\":\"MHF Photography \u2013 Blog de fotografie, natur\u0103 \u0219i tehnic\u0103 divers\u0103\",\"description\":\"Aventur\u0103 \u00een fiecare cadru.\",\"publisher\":{\"@id\":\"https:\/\/mhf.ro\/mm\/#\/schema\/person\/a3bebf7bdb4bf12f698aff73c7e46c21\"},\"potentialAction\":[{\"@type\":\"SearchAction\",\"target\":{\"@type\":\"EntryPoint\",\"urlTemplate\":\"https:\/\/mhf.ro\/mm\/?s={search_term_string}\"},\"query-input\":{\"@type\":\"PropertyValueSpecification\",\"valueRequired\":true,\"valueName\":\"search_term_string\"}}],\"inLanguage\":\"ro-RO\"},{\"@type\":[\"Person\",\"Organization\"],\"@id\":\"https:\/\/mhf.ro\/mm\/#\/schema\/person\/a3bebf7bdb4bf12f698aff73c7e46c21\",\"name\":\"Marius Marcu\",\"image\":{\"@type\":\"ImageObject\",\"inLanguage\":\"ro-RO\",\"@id\":\"https:\/\/mhf.ro\/mm\/#\/schema\/person\/image\/\",\"url\":\"https:\/\/mhf.ro\/mm\/wp-content\/uploads\/2025\/12\/cropped-logo_mhf_2.png\",\"contentUrl\":\"https:\/\/mhf.ro\/mm\/wp-content\/uploads\/2025\/12\/cropped-logo_mhf_2.png\",\"width\":1096,\"height\":457,\"caption\":\"Marius Marcu\"},\"logo\":{\"@id\":\"https:\/\/mhf.ro\/mm\/#\/schema\/person\/image\/\"},\"sameAs\":[\"https:\/\/mhf.ro\/mm\"]},{\"@type\":\"Person\",\"@id\":\"https:\/\/mhf.ro\/mm\/#\/schema\/person\/4c8c06c801b7b666e81ed44550086900\",\"name\":\"Preot paroh Horvat Petru\",\"image\":{\"@type\":\"ImageObject\",\"inLanguage\":\"ro-RO\",\"@id\":\"https:\/\/mhf.ro\/mm\/#\/schema\/person\/image\/\",\"url\":\"https:\/\/secure.gravatar.com\/avatar\/c2d2dcdf21c6f41aad486d71768c144cd6e23cb7b63bae9bd6fab542b26ad321?s=96&d=monsterid&r=g\",\"contentUrl\":\"https:\/\/secure.gravatar.com\/avatar\/c2d2dcdf21c6f41aad486d71768c144cd6e23cb7b63bae9bd6fab542b26ad321?s=96&d=monsterid&r=g\",\"caption\":\"Preot paroh Horvat Petru\"},\"sameAs\":[\"https:\/\/mhf.ro\/mm\"],\"url\":\"https:\/\/mhf.ro\/mm\/author\/petrica\/\"}]}<\/script>\n<!-- \/ Yoast SEO plugin. -->","yoast_head_json":{"title":"Poezie \u0219i (\u00een)c\u00e2ntare - MHF Photography","robots":{"index":"index","follow":"follow","max-snippet":"max-snippet:-1","max-image-preview":"max-image-preview:large","max-video-preview":"max-video-preview:-1"},"canonical":"https:\/\/mhf.ro\/mm\/poezie-si-incantare\/","og_locale":"ro_RO","og_type":"article","og_title":"Poezie \u0219i (\u00een)c\u00e2ntare - MHF Photography","og_description":"Christos a \u00eenviat de Alexandru Vlahu\u021b\u0103\u00a0 \u0218i-au tremurat st\u0103p\u00e2nii lumii La glasul bl\u00e2ndului profet \u0218i-un dusman au v\u0103zut \u00een fiul","og_url":"https:\/\/mhf.ro\/mm\/poezie-si-incantare\/","og_site_name":"MHF Photography","article_published_time":"2023-05-01T09:28:25+00:00","og_image":[{"width":1000,"height":697,"url":"https:\/\/mhf.ro\/mm\/wp-content\/uploads\/2023\/01\/femeia-cananeeanca-sau-examenul-credintei-202540.jpg","type":"image\/jpeg"}],"author":"Preot paroh Horvat Petru","twitter_card":"summary_large_image","twitter_misc":{"Scris de":"Preot paroh Horvat Petru","Timp estimat pentru citire":"2 minute"},"schema":{"@context":"https:\/\/schema.org","@graph":[{"@type":"Article","@id":"https:\/\/mhf.ro\/mm\/poezie-si-incantare\/#article","isPartOf":{"@id":"https:\/\/mhf.ro\/mm\/poezie-si-incantare\/"},"author":{"name":"Preot paroh Horvat Petru","@id":"https:\/\/mhf.ro\/mm\/#\/schema\/person\/4c8c06c801b7b666e81ed44550086900"},"headline":"Poezie \u0219i (\u00een)c\u00e2ntare","datePublished":"2023-05-01T09:28:25+00:00","mainEntityOfPage":{"@id":"https:\/\/mhf.ro\/mm\/poezie-si-incantare\/"},"wordCount":340,"commentCount":0,"publisher":{"@id":"https:\/\/mhf.ro\/mm\/#\/schema\/person\/a3bebf7bdb4bf12f698aff73c7e46c21"},"image":{"@id":"https:\/\/mhf.ro\/mm\/poezie-si-incantare\/#primaryimage"},"thumbnailUrl":"https:\/\/mhf.ro\/mm\/wp-content\/uploads\/2023\/01\/femeia-cananeeanca-sau-examenul-credintei-202540.jpg","articleSection":["Poezie","Religie"],"inLanguage":"ro-RO","potentialAction":[{"@type":"CommentAction","name":"Comment","target":["https:\/\/mhf.ro\/mm\/poezie-si-incantare\/#respond"]}]},{"@type":"WebPage","@id":"https:\/\/mhf.ro\/mm\/poezie-si-incantare\/","url":"https:\/\/mhf.ro\/mm\/poezie-si-incantare\/","name":"Poezie \u0219i (\u00een)c\u00e2ntare - MHF Photography","isPartOf":{"@id":"https:\/\/mhf.ro\/mm\/#website"},"primaryImageOfPage":{"@id":"https:\/\/mhf.ro\/mm\/poezie-si-incantare\/#primaryimage"},"image":{"@id":"https:\/\/mhf.ro\/mm\/poezie-si-incantare\/#primaryimage"},"thumbnailUrl":"https:\/\/mhf.ro\/mm\/wp-content\/uploads\/2023\/01\/femeia-cananeeanca-sau-examenul-credintei-202540.jpg","datePublished":"2023-05-01T09:28:25+00:00","breadcrumb":{"@id":"https:\/\/mhf.ro\/mm\/poezie-si-incantare\/#breadcrumb"},"inLanguage":"ro-RO","potentialAction":[{"@type":"ReadAction","target":["https:\/\/mhf.ro\/mm\/poezie-si-incantare\/"]}]},{"@type":"ImageObject","inLanguage":"ro-RO","@id":"https:\/\/mhf.ro\/mm\/poezie-si-incantare\/#primaryimage","url":"https:\/\/mhf.ro\/mm\/wp-content\/uploads\/2023\/01\/femeia-cananeeanca-sau-examenul-credintei-202540.jpg","contentUrl":"https:\/\/mhf.ro\/mm\/wp-content\/uploads\/2023\/01\/femeia-cananeeanca-sau-examenul-credintei-202540.jpg","width":1000,"height":697},{"@type":"BreadcrumbList","@id":"https:\/\/mhf.ro\/mm\/poezie-si-incantare\/#breadcrumb","itemListElement":[{"@type":"ListItem","position":1,"name":"Prima pagin\u0103","item":"https:\/\/mhf.ro\/mm\/"},{"@type":"ListItem","position":2,"name":"Poezie \u0219i (\u00een)c\u00e2ntare"}]},{"@type":"WebSite","@id":"https:\/\/mhf.ro\/mm\/#website","url":"https:\/\/mhf.ro\/mm\/","name":"MHF Photography \u2013 Blog de fotografie, natur\u0103 \u0219i tehnic\u0103 divers\u0103","description":"Aventur\u0103 \u00een fiecare cadru.","publisher":{"@id":"https:\/\/mhf.ro\/mm\/#\/schema\/person\/a3bebf7bdb4bf12f698aff73c7e46c21"},"potentialAction":[{"@type":"SearchAction","target":{"@type":"EntryPoint","urlTemplate":"https:\/\/mhf.ro\/mm\/?s={search_term_string}"},"query-input":{"@type":"PropertyValueSpecification","valueRequired":true,"valueName":"search_term_string"}}],"inLanguage":"ro-RO"},{"@type":["Person","Organization"],"@id":"https:\/\/mhf.ro\/mm\/#\/schema\/person\/a3bebf7bdb4bf12f698aff73c7e46c21","name":"Marius Marcu","image":{"@type":"ImageObject","inLanguage":"ro-RO","@id":"https:\/\/mhf.ro\/mm\/#\/schema\/person\/image\/","url":"https:\/\/mhf.ro\/mm\/wp-content\/uploads\/2025\/12\/cropped-logo_mhf_2.png","contentUrl":"https:\/\/mhf.ro\/mm\/wp-content\/uploads\/2025\/12\/cropped-logo_mhf_2.png","width":1096,"height":457,"caption":"Marius Marcu"},"logo":{"@id":"https:\/\/mhf.ro\/mm\/#\/schema\/person\/image\/"},"sameAs":["https:\/\/mhf.ro\/mm"]},{"@type":"Person","@id":"https:\/\/mhf.ro\/mm\/#\/schema\/person\/4c8c06c801b7b666e81ed44550086900","name":"Preot paroh Horvat Petru","image":{"@type":"ImageObject","inLanguage":"ro-RO","@id":"https:\/\/mhf.ro\/mm\/#\/schema\/person\/image\/","url":"https:\/\/secure.gravatar.com\/avatar\/c2d2dcdf21c6f41aad486d71768c144cd6e23cb7b63bae9bd6fab542b26ad321?s=96&d=monsterid&r=g","contentUrl":"https:\/\/secure.gravatar.com\/avatar\/c2d2dcdf21c6f41aad486d71768c144cd6e23cb7b63bae9bd6fab542b26ad321?s=96&d=monsterid&r=g","caption":"Preot paroh Horvat Petru"},"sameAs":["https:\/\/mhf.ro\/mm"],"url":"https:\/\/mhf.ro\/mm\/author\/petrica\/"}]}},"_links":{"self":[{"href":"https:\/\/mhf.ro\/mm\/wp-json\/wp\/v2\/posts\/9045","targetHints":{"allow":["GET"]}}],"collection":[{"href":"https:\/\/mhf.ro\/mm\/wp-json\/wp\/v2\/posts"}],"about":[{"href":"https:\/\/mhf.ro\/mm\/wp-json\/wp\/v2\/types\/post"}],"author":[{"embeddable":true,"href":"https:\/\/mhf.ro\/mm\/wp-json\/wp\/v2\/users\/4"}],"replies":[{"embeddable":true,"href":"https:\/\/mhf.ro\/mm\/wp-json\/wp\/v2\/comments?post=9045"}],"version-history":[{"count":1,"href":"https:\/\/mhf.ro\/mm\/wp-json\/wp\/v2\/posts\/9045\/revisions"}],"predecessor-version":[{"id":9047,"href":"https:\/\/mhf.ro\/mm\/wp-json\/wp\/v2\/posts\/9045\/revisions\/9047"}],"wp:featuredmedia":[{"embeddable":true,"href":"https:\/\/mhf.ro\/mm\/wp-json\/wp\/v2\/media\/8553"}],"wp:attachment":[{"href":"https:\/\/mhf.ro\/mm\/wp-json\/wp\/v2\/media?parent=9045"}],"wp:term":[{"taxonomy":"category","embeddable":true,"href":"https:\/\/mhf.ro\/mm\/wp-json\/wp\/v2\/categories?post=9045"},{"taxonomy":"post_tag","embeddable":true,"href":"https:\/\/mhf.ro\/mm\/wp-json\/wp\/v2\/tags?post=9045"}],"curies":[{"name":"wp","href":"https:\/\/api.w.org\/{rel}","templated":true}]}}