{"id":9111,"date":"2023-05-26T10:09:19","date_gmt":"2023-05-26T08:09:19","guid":{"rendered":"https:\/\/mhf.ro\/mm\/?p=9111"},"modified":"2023-05-26T12:30:11","modified_gmt":"2023-05-26T10:30:11","slug":"luna-mai-luna-premiilor-si-a-sarbatorilor","status":"publish","type":"post","link":"https:\/\/mhf.ro\/mm\/luna-mai-luna-premiilor-si-a-sarbatorilor\/","title":{"rendered":"Luna mai, luna premiilor \u0219i-a s\u0103rb\u0103torilor!"},"content":{"rendered":"<p>Dragi cititori, v\u0103 inform\u0103m cu drag, c\u0103 \u00een aceast\u0103 lun\u0103 mai 2023, activit\u0103\u021bile extra\u0219colare, la \u0218coala Gimnazial\u0103 ,,Simion B\u0103rnu\u021biu\u201d Tiur-Blaj au fost numeroase \u0219i, cu aceast\u0103 ocazie, v\u0103 enum\u0103r doar c\u00e2teva din ele:<\/p>\n<p>\u00cen data de 18 mai a avut loc premierea copiilor la Concursul ,,\u00cen\u021belepciunea ce ne vine din Sf. Scriptur\u0103\u201d. Acest concurs a abordat teme ca:<strong><em> \u00eendemn la fapte bune, ferirea de\u00a0 desfr\u00e2nare, respectul ce-l dator\u0103m p\u0103rin\u0163ilor, despre milostenie, despre rug\u0103ciune \u015fi post, despre\u00a0\u00a0 ferirea de prooroci mincino\u015fi. Ca \u0219i argument al acestui concurs am amintit \u00eenv\u0103\u021b\u0103turile lui <\/em><\/strong><strong>P. Bruno Vercruyse S. J.despre educatie-,,Educa\u0163ia este aceea care trebuie s\u0103 dea BISERICII slujitori vrednici, statului cet\u0103\u0163eni buni, legiuitorii repro\u015fabili \u015fi slujba\u015fi drep\u0163i, familiilor p\u0103rin\u0163i model, mame evlavioase \u015fi copii bine crescu\u0163i, religiei ap\u0103r\u0103tori, cerului sfin\u0163i!\u201d<\/strong><\/p>\n<p>Au fost premia\u021bi elevi, at\u00e2t din ciclul primar, c\u00e2t \u0219i din ciclul gimnazial. S-au eviden\u021biat cu premiu I, II \u0219i III, urm\u0103torii copii: Ianc Gabriel, Popa Ioana, Dondos Catalin, Farkas Gabriela, Ciurar Iasmina, Stejar Giulia, Moldovan Renata, Moldovan Maia, Vascan Beatrice, Dumitru Georgiana, Nicula Cristianno, Komive\u0219 Mario, S\u00e2rb Ariana, Coard\u0103 Maria, Moldovan Ioana, Busuioc Timea, Otvo\u0219 Diana, Mailat Stefania, Cre\u021bu Stefania, S\u00e2rb Patrisia, Istvan Anamaria, Cercea Nicolas, Rosta\u0219 Viorel, Musc\u0103 Cristiana, Tompi Denisa, Goga Gheorghe, Aldea Cristian, Otvo\u0219 Antonio, Cri\u0219an Ramona, Otvo\u0219 Veronica \u0219iCinci Gabriela.<\/p>\n<p>Concursul a fost sponsorizat de cadrele didactice din \u0219coal\u0103, dup\u0103 cum urmeaz\u0103: Seicean Rodica, Muntean Daniela, Ha\u021began Com\u0219a Marilena, Velicea Georgeta, Dolco\u0219 Cristina, Handrea Mihaela, Petru\u021ba Liliana, Mihu Liliana, Aron Dana, Cri\u0219an M\u0103lina, Com\u0219a Cristian, Zudor Maria \u0219i, pe aceast\u0103 cale, le multumim cu drag \u0219i-i felicit\u0103m at\u00e2t pe elevi, c\u00e2t \u0219i pe cei care au sprijinit acest proiect.<\/p>\n<p>Alte evenimente importante au avut loc \u00een ziua de 25 mai 2023, zi \u00een care au fost s\u0103rb\u0103torite at\u00e2t \u00cen\u0103l\u021barea Domnului, c\u00e2t \u0219i Ziua Eroilor, prin participarea la slujba Sf. Liturghii \u0219i a parastasului pentru eroi.<\/p>\n<p>S\u0103rb\u0103toarea <em>\u00cen\u0103l\u021bareaDomnului<\/em>, ne d\u0103 speran\u021ba c\u0103 \u0219i noi, dac\u0103 urm\u0103m \u00cenv\u0103\u021b\u0103turile Domnului Iisus Hristos, dac\u0103 ne cur\u0103\u021bim sufletele prin Sf. Spovedanie \u0219i ne \u00eemp\u0103rt\u0103\u0219im cu Trupul \u0219i S\u00e2ngele Domnului, avem \u0219ansa s\u0103 ne \u00een\u0103l\u021b\u0103m sufletele la cer, c\u00e2nd va veni vremea, at\u00e2t pe ale noastre, c\u00e2t \u0219i pe ale eroilor neamului rom\u00e2nesc, pentru care ne-am rugat \u00eempreun\u0103 cu toti cei prezen\u021bi \u00een biseric\u0103.<\/p>\n<p>\u00cenchei, multumind domnilor preoti Horvat Petru \u0219i Oprean Nicolae, doamnei director Zehan Platon Ana, pentru c\u0103 ne-a sprijinit \u0219i ne-a coordonat \u00een aceste activit\u0103\u021bi, precum \u0219i doamnelor profesoare Aron Dana, Handrea Mihaela \u0219i Velicea Georgeta \u0219i, nu \u00een ultimul r\u00e2nd, elevilor participan\u021bi, care au dat farmec acestor evenimente importante.<\/p>\n<p>Las ca amintire peste timp, c\u00e2teva poze semnificative.<\/p>\n<p><img fetchpriority=\"high\" decoding=\"async\" class=\"alignnone size-medium wp-image-9112\" src=\"https:\/\/mhf.ro\/mm\/wp-content\/uploads\/2023\/05\/eroi-300x225.jpg\" alt=\"\" width=\"300\" height=\"225\" srcset=\"https:\/\/mhf.ro\/mm\/wp-content\/uploads\/2023\/05\/eroi-300x225.jpg 300w, https:\/\/mhf.ro\/mm\/wp-content\/uploads\/2023\/05\/eroi-768x576.jpg 768w, https:\/\/mhf.ro\/mm\/wp-content\/uploads\/2023\/05\/eroi.jpg 1024w\" sizes=\"(max-width: 300px) 100vw, 300px\" \/> <img decoding=\"async\" class=\"alignnone size-medium wp-image-9113\" src=\"https:\/\/mhf.ro\/mm\/wp-content\/uploads\/2023\/05\/inaltare-300x225.jpg\" alt=\"\" width=\"300\" height=\"225\" srcset=\"https:\/\/mhf.ro\/mm\/wp-content\/uploads\/2023\/05\/inaltare-300x225.jpg 300w, https:\/\/mhf.ro\/mm\/wp-content\/uploads\/2023\/05\/inaltare-768x576.jpg 768w, https:\/\/mhf.ro\/mm\/wp-content\/uploads\/2023\/05\/inaltare.jpg 1024w\" sizes=\"(max-width: 300px) 100vw, 300px\" \/> <img decoding=\"async\" class=\"alignnone size-medium wp-image-9114\" src=\"https:\/\/mhf.ro\/mm\/wp-content\/uploads\/2023\/05\/premiere-1-225x300.jpg\" alt=\"\" width=\"225\" height=\"300\" srcset=\"https:\/\/mhf.ro\/mm\/wp-content\/uploads\/2023\/05\/premiere-1-225x300.jpg 225w, https:\/\/mhf.ro\/mm\/wp-content\/uploads\/2023\/05\/premiere-1-768x1024.jpg 768w, https:\/\/mhf.ro\/mm\/wp-content\/uploads\/2023\/05\/premiere-1-1152x1536.jpg 1152w, https:\/\/mhf.ro\/mm\/wp-content\/uploads\/2023\/05\/premiere-1.jpg 1530w\" sizes=\"(max-width: 225px) 100vw, 225px\" \/> <img loading=\"lazy\" decoding=\"async\" class=\"alignnone size-medium wp-image-9116\" src=\"https:\/\/mhf.ro\/mm\/wp-content\/uploads\/2023\/05\/premiere-2-225x300.jpg\" alt=\"\" width=\"225\" height=\"300\" srcset=\"https:\/\/mhf.ro\/mm\/wp-content\/uploads\/2023\/05\/premiere-2-225x300.jpg 225w, https:\/\/mhf.ro\/mm\/wp-content\/uploads\/2023\/05\/premiere-2-768x1024.jpg 768w, https:\/\/mhf.ro\/mm\/wp-content\/uploads\/2023\/05\/premiere-2-1152x1536.jpg 1152w, https:\/\/mhf.ro\/mm\/wp-content\/uploads\/2023\/05\/premiere-2.jpg 1530w\" sizes=\"(max-width: 225px) 100vw, 225px\" \/> <img loading=\"lazy\" decoding=\"async\" class=\"alignnone size-medium wp-image-9117\" src=\"https:\/\/mhf.ro\/mm\/wp-content\/uploads\/2023\/05\/premiere-225x300.jpg\" alt=\"\" width=\"225\" height=\"300\" srcset=\"https:\/\/mhf.ro\/mm\/wp-content\/uploads\/2023\/05\/premiere-225x300.jpg 225w, https:\/\/mhf.ro\/mm\/wp-content\/uploads\/2023\/05\/premiere-768x1024.jpg 768w, https:\/\/mhf.ro\/mm\/wp-content\/uploads\/2023\/05\/premiere-1152x1536.jpg 1152w, https:\/\/mhf.ro\/mm\/wp-content\/uploads\/2023\/05\/premiere.jpg 1530w\" sizes=\"(max-width: 225px) 100vw, 225px\" \/><\/p>\n<p>pipp Saratean Adelina Mihaela,<\/p>\n<p>Sc. Gimnaziala ,,Simion B\u0103rnu\u021biu\u201d Tiur-Blaj,<\/p>\n<p>structura Sc. Gimnazial\u0103 ,,P. P. Aaron\u201d-Blaj<\/p>\n","protected":false},"excerpt":{"rendered":"<p>Dragi cititori, v\u0103 inform\u0103m cu drag, c\u0103 \u00een aceast\u0103 lun\u0103 mai 2023, activit\u0103\u021bile extra\u0219colare, la \u0218coala Gimnazial\u0103 ,,Simion B\u0103rnu\u021biu\u201d Tiur-Blaj<\/p>\n","protected":false},"author":4,"featured_media":9113,"comment_status":"open","ping_status":"open","sticky":false,"template":"","format":"standard","meta":{"colormag_page_container_layout":"default_layout","colormag_page_sidebar_layout":"default_layout","footnotes":""},"categories":[5,34],"tags":[],"class_list":["post-9111","post","type-post","status-publish","format-standard","has-post-thumbnail","hentry","category-locale","category-religie"],"yoast_head":"<!-- This site is optimized with the Yoast SEO plugin v27.0 - https:\/\/yoast.com\/product\/yoast-seo-wordpress\/ -->\n<title>Luna mai, luna premiilor \u0219i-a s\u0103rb\u0103torilor! - MHF Photography<\/title>\n<meta name=\"robots\" content=\"index, follow, max-snippet:-1, max-image-preview:large, max-video-preview:-1\" \/>\n<link rel=\"canonical\" href=\"https:\/\/mhf.ro\/mm\/luna-mai-luna-premiilor-si-a-sarbatorilor\/\" \/>\n<meta property=\"og:locale\" content=\"ro_RO\" \/>\n<meta property=\"og:type\" content=\"article\" \/>\n<meta property=\"og:title\" content=\"Luna mai, luna premiilor \u0219i-a s\u0103rb\u0103torilor! - MHF Photography\" \/>\n<meta property=\"og:description\" content=\"Dragi cititori, v\u0103 inform\u0103m cu drag, c\u0103 \u00een aceast\u0103 lun\u0103 mai 2023, activit\u0103\u021bile extra\u0219colare, la \u0218coala Gimnazial\u0103 ,,Simion B\u0103rnu\u021biu\u201d Tiur-Blaj\" \/>\n<meta property=\"og:url\" content=\"https:\/\/mhf.ro\/mm\/luna-mai-luna-premiilor-si-a-sarbatorilor\/\" \/>\n<meta property=\"og:site_name\" content=\"MHF Photography\" \/>\n<meta property=\"article:published_time\" content=\"2023-05-26T08:09:19+00:00\" \/>\n<meta property=\"article:modified_time\" content=\"2023-05-26T10:30:11+00:00\" \/>\n<meta property=\"og:image\" content=\"https:\/\/mhf.ro\/mm\/wp-content\/uploads\/2023\/05\/inaltare.jpg\" \/>\n\t<meta property=\"og:image:width\" content=\"1024\" \/>\n\t<meta property=\"og:image:height\" content=\"768\" \/>\n\t<meta property=\"og:image:type\" content=\"image\/jpeg\" \/>\n<meta name=\"author\" content=\"Preot paroh Horvat Petru\" \/>\n<meta name=\"twitter:card\" content=\"summary_large_image\" \/>\n<meta name=\"twitter:label1\" content=\"Scris de\" \/>\n\t<meta name=\"twitter:data1\" content=\"Preot paroh Horvat Petru\" \/>\n\t<meta name=\"twitter:label2\" content=\"Timp estimat pentru citire\" \/>\n\t<meta name=\"twitter:data2\" content=\"3 minute\" \/>\n<script type=\"application\/ld+json\" class=\"yoast-schema-graph\">{\"@context\":\"https:\/\/schema.org\",\"@graph\":[{\"@type\":\"Article\",\"@id\":\"https:\/\/mhf.ro\/mm\/luna-mai-luna-premiilor-si-a-sarbatorilor\/#article\",\"isPartOf\":{\"@id\":\"https:\/\/mhf.ro\/mm\/luna-mai-luna-premiilor-si-a-sarbatorilor\/\"},\"author\":{\"name\":\"Preot paroh Horvat Petru\",\"@id\":\"https:\/\/mhf.ro\/mm\/#\/schema\/person\/4c8c06c801b7b666e81ed44550086900\"},\"headline\":\"Luna mai, luna premiilor \u0219i-a s\u0103rb\u0103torilor!\",\"datePublished\":\"2023-05-26T08:09:19+00:00\",\"dateModified\":\"2023-05-26T10:30:11+00:00\",\"mainEntityOfPage\":{\"@id\":\"https:\/\/mhf.ro\/mm\/luna-mai-luna-premiilor-si-a-sarbatorilor\/\"},\"wordCount\":522,\"commentCount\":0,\"publisher\":{\"@id\":\"https:\/\/mhf.ro\/mm\/#\/schema\/person\/a3bebf7bdb4bf12f698aff73c7e46c21\"},\"image\":{\"@id\":\"https:\/\/mhf.ro\/mm\/luna-mai-luna-premiilor-si-a-sarbatorilor\/#primaryimage\"},\"thumbnailUrl\":\"https:\/\/mhf.ro\/mm\/wp-content\/uploads\/2023\/05\/inaltare.jpg\",\"articleSection\":[\"Locale\",\"Religie\"],\"inLanguage\":\"ro-RO\",\"potentialAction\":[{\"@type\":\"CommentAction\",\"name\":\"Comment\",\"target\":[\"https:\/\/mhf.ro\/mm\/luna-mai-luna-premiilor-si-a-sarbatorilor\/#respond\"]}]},{\"@type\":\"WebPage\",\"@id\":\"https:\/\/mhf.ro\/mm\/luna-mai-luna-premiilor-si-a-sarbatorilor\/\",\"url\":\"https:\/\/mhf.ro\/mm\/luna-mai-luna-premiilor-si-a-sarbatorilor\/\",\"name\":\"Luna mai, luna premiilor \u0219i-a s\u0103rb\u0103torilor! - MHF Photography\",\"isPartOf\":{\"@id\":\"https:\/\/mhf.ro\/mm\/#website\"},\"primaryImageOfPage\":{\"@id\":\"https:\/\/mhf.ro\/mm\/luna-mai-luna-premiilor-si-a-sarbatorilor\/#primaryimage\"},\"image\":{\"@id\":\"https:\/\/mhf.ro\/mm\/luna-mai-luna-premiilor-si-a-sarbatorilor\/#primaryimage\"},\"thumbnailUrl\":\"https:\/\/mhf.ro\/mm\/wp-content\/uploads\/2023\/05\/inaltare.jpg\",\"datePublished\":\"2023-05-26T08:09:19+00:00\",\"dateModified\":\"2023-05-26T10:30:11+00:00\",\"breadcrumb\":{\"@id\":\"https:\/\/mhf.ro\/mm\/luna-mai-luna-premiilor-si-a-sarbatorilor\/#breadcrumb\"},\"inLanguage\":\"ro-RO\",\"potentialAction\":[{\"@type\":\"ReadAction\",\"target\":[\"https:\/\/mhf.ro\/mm\/luna-mai-luna-premiilor-si-a-sarbatorilor\/\"]}]},{\"@type\":\"ImageObject\",\"inLanguage\":\"ro-RO\",\"@id\":\"https:\/\/mhf.ro\/mm\/luna-mai-luna-premiilor-si-a-sarbatorilor\/#primaryimage\",\"url\":\"https:\/\/mhf.ro\/mm\/wp-content\/uploads\/2023\/05\/inaltare.jpg\",\"contentUrl\":\"https:\/\/mhf.ro\/mm\/wp-content\/uploads\/2023\/05\/inaltare.jpg\",\"width\":1024,\"height\":768},{\"@type\":\"BreadcrumbList\",\"@id\":\"https:\/\/mhf.ro\/mm\/luna-mai-luna-premiilor-si-a-sarbatorilor\/#breadcrumb\",\"itemListElement\":[{\"@type\":\"ListItem\",\"position\":1,\"name\":\"Prima pagin\u0103\",\"item\":\"https:\/\/mhf.ro\/mm\/\"},{\"@type\":\"ListItem\",\"position\":2,\"name\":\"Luna mai, luna premiilor \u0219i-a s\u0103rb\u0103torilor!\"}]},{\"@type\":\"WebSite\",\"@id\":\"https:\/\/mhf.ro\/mm\/#website\",\"url\":\"https:\/\/mhf.ro\/mm\/\",\"name\":\"MHF Photography \u2013 Blog de fotografie, natur\u0103 \u0219i tehnic\u0103 divers\u0103\",\"description\":\"Aventur\u0103 \u00een fiecare cadru.\",\"publisher\":{\"@id\":\"https:\/\/mhf.ro\/mm\/#\/schema\/person\/a3bebf7bdb4bf12f698aff73c7e46c21\"},\"potentialAction\":[{\"@type\":\"SearchAction\",\"target\":{\"@type\":\"EntryPoint\",\"urlTemplate\":\"https:\/\/mhf.ro\/mm\/?s={search_term_string}\"},\"query-input\":{\"@type\":\"PropertyValueSpecification\",\"valueRequired\":true,\"valueName\":\"search_term_string\"}}],\"inLanguage\":\"ro-RO\"},{\"@type\":[\"Person\",\"Organization\"],\"@id\":\"https:\/\/mhf.ro\/mm\/#\/schema\/person\/a3bebf7bdb4bf12f698aff73c7e46c21\",\"name\":\"Marius Marcu\",\"image\":{\"@type\":\"ImageObject\",\"inLanguage\":\"ro-RO\",\"@id\":\"https:\/\/mhf.ro\/mm\/#\/schema\/person\/image\/\",\"url\":\"https:\/\/mhf.ro\/mm\/wp-content\/uploads\/2025\/12\/cropped-logo_mhf_2.png\",\"contentUrl\":\"https:\/\/mhf.ro\/mm\/wp-content\/uploads\/2025\/12\/cropped-logo_mhf_2.png\",\"width\":1096,\"height\":457,\"caption\":\"Marius Marcu\"},\"logo\":{\"@id\":\"https:\/\/mhf.ro\/mm\/#\/schema\/person\/image\/\"},\"sameAs\":[\"https:\/\/mhf.ro\/mm\"]},{\"@type\":\"Person\",\"@id\":\"https:\/\/mhf.ro\/mm\/#\/schema\/person\/4c8c06c801b7b666e81ed44550086900\",\"name\":\"Preot paroh Horvat Petru\",\"image\":{\"@type\":\"ImageObject\",\"inLanguage\":\"ro-RO\",\"@id\":\"https:\/\/mhf.ro\/mm\/#\/schema\/person\/image\/\",\"url\":\"https:\/\/secure.gravatar.com\/avatar\/c2d2dcdf21c6f41aad486d71768c144cd6e23cb7b63bae9bd6fab542b26ad321?s=96&d=monsterid&r=g\",\"contentUrl\":\"https:\/\/secure.gravatar.com\/avatar\/c2d2dcdf21c6f41aad486d71768c144cd6e23cb7b63bae9bd6fab542b26ad321?s=96&d=monsterid&r=g\",\"caption\":\"Preot paroh Horvat Petru\"},\"sameAs\":[\"https:\/\/mhf.ro\/mm\"],\"url\":\"https:\/\/mhf.ro\/mm\/author\/petrica\/\"}]}<\/script>\n<!-- \/ Yoast SEO plugin. -->","yoast_head_json":{"title":"Luna mai, luna premiilor \u0219i-a s\u0103rb\u0103torilor! - MHF Photography","robots":{"index":"index","follow":"follow","max-snippet":"max-snippet:-1","max-image-preview":"max-image-preview:large","max-video-preview":"max-video-preview:-1"},"canonical":"https:\/\/mhf.ro\/mm\/luna-mai-luna-premiilor-si-a-sarbatorilor\/","og_locale":"ro_RO","og_type":"article","og_title":"Luna mai, luna premiilor \u0219i-a s\u0103rb\u0103torilor! - MHF Photography","og_description":"Dragi cititori, v\u0103 inform\u0103m cu drag, c\u0103 \u00een aceast\u0103 lun\u0103 mai 2023, activit\u0103\u021bile extra\u0219colare, la \u0218coala Gimnazial\u0103 ,,Simion B\u0103rnu\u021biu\u201d Tiur-Blaj","og_url":"https:\/\/mhf.ro\/mm\/luna-mai-luna-premiilor-si-a-sarbatorilor\/","og_site_name":"MHF Photography","article_published_time":"2023-05-26T08:09:19+00:00","article_modified_time":"2023-05-26T10:30:11+00:00","og_image":[{"width":1024,"height":768,"url":"https:\/\/mhf.ro\/mm\/wp-content\/uploads\/2023\/05\/inaltare.jpg","type":"image\/jpeg"}],"author":"Preot paroh Horvat Petru","twitter_card":"summary_large_image","twitter_misc":{"Scris de":"Preot paroh Horvat Petru","Timp estimat pentru citire":"3 minute"},"schema":{"@context":"https:\/\/schema.org","@graph":[{"@type":"Article","@id":"https:\/\/mhf.ro\/mm\/luna-mai-luna-premiilor-si-a-sarbatorilor\/#article","isPartOf":{"@id":"https:\/\/mhf.ro\/mm\/luna-mai-luna-premiilor-si-a-sarbatorilor\/"},"author":{"name":"Preot paroh Horvat Petru","@id":"https:\/\/mhf.ro\/mm\/#\/schema\/person\/4c8c06c801b7b666e81ed44550086900"},"headline":"Luna mai, luna premiilor \u0219i-a s\u0103rb\u0103torilor!","datePublished":"2023-05-26T08:09:19+00:00","dateModified":"2023-05-26T10:30:11+00:00","mainEntityOfPage":{"@id":"https:\/\/mhf.ro\/mm\/luna-mai-luna-premiilor-si-a-sarbatorilor\/"},"wordCount":522,"commentCount":0,"publisher":{"@id":"https:\/\/mhf.ro\/mm\/#\/schema\/person\/a3bebf7bdb4bf12f698aff73c7e46c21"},"image":{"@id":"https:\/\/mhf.ro\/mm\/luna-mai-luna-premiilor-si-a-sarbatorilor\/#primaryimage"},"thumbnailUrl":"https:\/\/mhf.ro\/mm\/wp-content\/uploads\/2023\/05\/inaltare.jpg","articleSection":["Locale","Religie"],"inLanguage":"ro-RO","potentialAction":[{"@type":"CommentAction","name":"Comment","target":["https:\/\/mhf.ro\/mm\/luna-mai-luna-premiilor-si-a-sarbatorilor\/#respond"]}]},{"@type":"WebPage","@id":"https:\/\/mhf.ro\/mm\/luna-mai-luna-premiilor-si-a-sarbatorilor\/","url":"https:\/\/mhf.ro\/mm\/luna-mai-luna-premiilor-si-a-sarbatorilor\/","name":"Luna mai, luna premiilor \u0219i-a s\u0103rb\u0103torilor! - MHF Photography","isPartOf":{"@id":"https:\/\/mhf.ro\/mm\/#website"},"primaryImageOfPage":{"@id":"https:\/\/mhf.ro\/mm\/luna-mai-luna-premiilor-si-a-sarbatorilor\/#primaryimage"},"image":{"@id":"https:\/\/mhf.ro\/mm\/luna-mai-luna-premiilor-si-a-sarbatorilor\/#primaryimage"},"thumbnailUrl":"https:\/\/mhf.ro\/mm\/wp-content\/uploads\/2023\/05\/inaltare.jpg","datePublished":"2023-05-26T08:09:19+00:00","dateModified":"2023-05-26T10:30:11+00:00","breadcrumb":{"@id":"https:\/\/mhf.ro\/mm\/luna-mai-luna-premiilor-si-a-sarbatorilor\/#breadcrumb"},"inLanguage":"ro-RO","potentialAction":[{"@type":"ReadAction","target":["https:\/\/mhf.ro\/mm\/luna-mai-luna-premiilor-si-a-sarbatorilor\/"]}]},{"@type":"ImageObject","inLanguage":"ro-RO","@id":"https:\/\/mhf.ro\/mm\/luna-mai-luna-premiilor-si-a-sarbatorilor\/#primaryimage","url":"https:\/\/mhf.ro\/mm\/wp-content\/uploads\/2023\/05\/inaltare.jpg","contentUrl":"https:\/\/mhf.ro\/mm\/wp-content\/uploads\/2023\/05\/inaltare.jpg","width":1024,"height":768},{"@type":"BreadcrumbList","@id":"https:\/\/mhf.ro\/mm\/luna-mai-luna-premiilor-si-a-sarbatorilor\/#breadcrumb","itemListElement":[{"@type":"ListItem","position":1,"name":"Prima pagin\u0103","item":"https:\/\/mhf.ro\/mm\/"},{"@type":"ListItem","position":2,"name":"Luna mai, luna premiilor \u0219i-a s\u0103rb\u0103torilor!"}]},{"@type":"WebSite","@id":"https:\/\/mhf.ro\/mm\/#website","url":"https:\/\/mhf.ro\/mm\/","name":"MHF Photography \u2013 Blog de fotografie, natur\u0103 \u0219i tehnic\u0103 divers\u0103","description":"Aventur\u0103 \u00een fiecare cadru.","publisher":{"@id":"https:\/\/mhf.ro\/mm\/#\/schema\/person\/a3bebf7bdb4bf12f698aff73c7e46c21"},"potentialAction":[{"@type":"SearchAction","target":{"@type":"EntryPoint","urlTemplate":"https:\/\/mhf.ro\/mm\/?s={search_term_string}"},"query-input":{"@type":"PropertyValueSpecification","valueRequired":true,"valueName":"search_term_string"}}],"inLanguage":"ro-RO"},{"@type":["Person","Organization"],"@id":"https:\/\/mhf.ro\/mm\/#\/schema\/person\/a3bebf7bdb4bf12f698aff73c7e46c21","name":"Marius Marcu","image":{"@type":"ImageObject","inLanguage":"ro-RO","@id":"https:\/\/mhf.ro\/mm\/#\/schema\/person\/image\/","url":"https:\/\/mhf.ro\/mm\/wp-content\/uploads\/2025\/12\/cropped-logo_mhf_2.png","contentUrl":"https:\/\/mhf.ro\/mm\/wp-content\/uploads\/2025\/12\/cropped-logo_mhf_2.png","width":1096,"height":457,"caption":"Marius Marcu"},"logo":{"@id":"https:\/\/mhf.ro\/mm\/#\/schema\/person\/image\/"},"sameAs":["https:\/\/mhf.ro\/mm"]},{"@type":"Person","@id":"https:\/\/mhf.ro\/mm\/#\/schema\/person\/4c8c06c801b7b666e81ed44550086900","name":"Preot paroh Horvat Petru","image":{"@type":"ImageObject","inLanguage":"ro-RO","@id":"https:\/\/mhf.ro\/mm\/#\/schema\/person\/image\/","url":"https:\/\/secure.gravatar.com\/avatar\/c2d2dcdf21c6f41aad486d71768c144cd6e23cb7b63bae9bd6fab542b26ad321?s=96&d=monsterid&r=g","contentUrl":"https:\/\/secure.gravatar.com\/avatar\/c2d2dcdf21c6f41aad486d71768c144cd6e23cb7b63bae9bd6fab542b26ad321?s=96&d=monsterid&r=g","caption":"Preot paroh Horvat Petru"},"sameAs":["https:\/\/mhf.ro\/mm"],"url":"https:\/\/mhf.ro\/mm\/author\/petrica\/"}]}},"_links":{"self":[{"href":"https:\/\/mhf.ro\/mm\/wp-json\/wp\/v2\/posts\/9111","targetHints":{"allow":["GET"]}}],"collection":[{"href":"https:\/\/mhf.ro\/mm\/wp-json\/wp\/v2\/posts"}],"about":[{"href":"https:\/\/mhf.ro\/mm\/wp-json\/wp\/v2\/types\/post"}],"author":[{"embeddable":true,"href":"https:\/\/mhf.ro\/mm\/wp-json\/wp\/v2\/users\/4"}],"replies":[{"embeddable":true,"href":"https:\/\/mhf.ro\/mm\/wp-json\/wp\/v2\/comments?post=9111"}],"version-history":[{"count":4,"href":"https:\/\/mhf.ro\/mm\/wp-json\/wp\/v2\/posts\/9111\/revisions"}],"predecessor-version":[{"id":9127,"href":"https:\/\/mhf.ro\/mm\/wp-json\/wp\/v2\/posts\/9111\/revisions\/9127"}],"wp:featuredmedia":[{"embeddable":true,"href":"https:\/\/mhf.ro\/mm\/wp-json\/wp\/v2\/media\/9113"}],"wp:attachment":[{"href":"https:\/\/mhf.ro\/mm\/wp-json\/wp\/v2\/media?parent=9111"}],"wp:term":[{"taxonomy":"category","embeddable":true,"href":"https:\/\/mhf.ro\/mm\/wp-json\/wp\/v2\/categories?post=9111"},{"taxonomy":"post_tag","embeddable":true,"href":"https:\/\/mhf.ro\/mm\/wp-json\/wp\/v2\/tags?post=9111"}],"curies":[{"name":"wp","href":"https:\/\/api.w.org\/{rel}","templated":true}]}}