{"id":9139,"date":"2023-06-05T10:28:57","date_gmt":"2023-06-05T08:28:57","guid":{"rendered":"https:\/\/mhf.ro\/mm\/?p=9139"},"modified":"2023-06-04T17:37:39","modified_gmt":"2023-06-04T15:37:39","slug":"ce-este-sfanta-treime","status":"publish","type":"post","link":"https:\/\/mhf.ro\/mm\/ce-este-sfanta-treime\/","title":{"rendered":"Ce este Sf\u00e2nta Treime?"},"content":{"rendered":"<div id=\"art-sapou\" class=\"m990\">\n<div class=\"field field--node-field-sapou-articol field--name-field-sapou-articol field--type-text-long field--label-hidden field__item\">\n<p>Fiul este lumina Tat\u0103lui care a venit \u00een lume ca s\u0103 ne lumineze calea spre ve\u0219nicie, iar Duhul Sf\u00e2nt e c\u0103ldura care vine de la Tat\u0103l ca s\u0103 ne \u00eenc\u0103lzeasc\u0103 inimile \u0219i s\u0103 aprind\u0103 \u00een ele iubirea lui Dumnezeu. Astfel, cum soarele cu lumina \u0219i c\u0103ldura una sunt, la fel una sunt Tat\u0103l, Fiul \u0219i Duhul Sf\u00e2nt \u2013\u00a0Preasf\u00e2nta Treime.<\/p>\n<\/div>\n<\/div>\n<div class=\"m990\">\n<div class=\"body field field--node-body field--name-body field--type-text-with-summary field--label-hidden field__item\">\n<p>Tot cu ajutorul medita\u021biei \u0219i al judec\u0103\u021bii s\u0103n\u0103toase putem dezv\u0103lui \u0219i pricepe \u0219i alte taine din marele adev\u0103r al dumnezeirii cre\u0219tine. Dogma credin\u021bei cre\u0219tine \u00eenva\u021b\u0103 c\u0103\u00a0<strong>Fiul se na\u0219te din Tat\u0103l \u0219i Duhul Sf\u00e2nt purcede din Tat\u0103l mai \u00eenainte de to\u021bi vecii, adic\u0103 din eternitate<\/strong>. Cum se poate aceasta? Nu este cu neputin\u021b\u0103 de r\u0103spuns:\u00a0<strong>Fiul s-a n\u0103scut din Tat\u0103l cum se na\u0219te cuv\u00e2ntul din minte \u0219i Duhul Sf\u00e2nt purcede din Tat\u0103l cum purcede fapta din voin\u021b\u0103<\/strong>. Cuv\u00e2ntul se na\u0219te din minte, nu purcede; \u0219i fapta purcede din voin\u021b\u0103, nu se na\u0219te. La fel se na\u0219te Fiul \u0219i purcede Duhul Sf\u00e2nt din Tat\u0103l&#8230; Dumnezeu Tat\u0103l e soarele universului, care exist\u0103 din ve\u0219nicie. Fiul este lumina Tat\u0103lui care a venit \u00een lume ca s\u0103 ne lumineze calea spre ve\u0219nicie, iar Duhul Sf\u00e2nt e c\u0103ldura care vine de la Tat\u0103l ca s\u0103 ne \u00eenc\u0103lzeasc\u0103 inimile \u0219i s\u0103 aprind\u0103 \u00een ele iubirea lui Dumnezeu. Astfel, cum soarele cu lumina \u0219i c\u0103ldura una sunt, la fel una sunt Tat\u0103l, Fiul \u0219i Duhul Sf\u00e2nt \u2013 Preasf\u00e2nta Treime.<\/p>\n<p>Aceasta e, foarte pe scurt, \u00eenv\u0103\u021b\u0103tura cre\u0219tin\u0103 despre Dumnezeu, pe care o crede \u0219i o m\u0103rturise\u0219te Biblia \u00eentreag\u0103 \u2013 cea mai important\u0103 capodoper\u0103 \u0219i m\u0103rturie a adev\u0103rului existen\u021bei lui Dumnezeu; \u00eenv\u0103\u021b\u0103tura pe care\u00a0o cred \u0219i o m\u0103rturisesc cei peste opt sute de milioane de cre\u0219tini, c\u00e2\u021bi num\u0103r\u0103 ast\u0103zi sub aripile lui cre\u0219tinismul.<\/p>\n<p>Dac\u0103 ad\u0103ug\u0103m acest argument, de cea mai mare autoritate, la toate celelalte dovezi \u0219i probe despre existen\u021ba lui Dumnezeu,\u00a0<strong>concluzia general\u0103 care se impune min\u021bii \u0219i inimii noastre<\/strong>, cu o impresionant\u0103 for\u021b\u0103 de convingere,\u00a0<strong>aceasta este: Dumnezeu exist\u0103<\/strong>. La concluzia, convingerea \u0219i m\u0103rturisirea adev\u0103rului existen\u021bei lui Dumnezeu ne duc lumea \u00eentreag\u0103 \u0219i omenirea \u00eentreag\u0103, natura \u0219i istoria, judecata logic\u0103 \u0219i con\u0219tiin\u021ba moral\u0103, mintea \u0219i inima, ra\u021biunea \u0219i revela\u021bia, Biblia \u0219i Biserica cre\u0219tin\u0103. Toate sunt monumente \u0219i temple ale credin\u021bei \u00een Dumnezeu, toate ne r\u0103spund \u00een cor: Dumnezeu este Creatorul lumii, Dumnezeu este P\u0103rintele nostru iubitor!<\/p>\n<p><strong>Dumnezeu este Domnul \u0219i S-a ar\u0103tat nou\u0103, binecuv\u00e2ntat este cel ce crede \u00een numele Domnului!<\/strong><\/p>\n<p>(<strong>Ilarion V. Felea<\/strong>,\u00a0<em>Religia iubirii<\/em>, Editura Re\u00eentregirea, Alba-Iulia, 2009, pp. 138-139) cf. doxologia.ro<\/p>\n<\/div>\n<\/div>\n","protected":false},"excerpt":{"rendered":"<p>Fiul este lumina Tat\u0103lui care a venit \u00een lume ca s\u0103 ne lumineze calea spre ve\u0219nicie, iar Duhul Sf\u00e2nt e<\/p>\n","protected":false},"author":4,"featured_media":7843,"comment_status":"open","ping_status":"open","sticky":false,"template":"","format":"standard","meta":{"colormag_page_container_layout":"default_layout","colormag_page_sidebar_layout":"default_layout","footnotes":""},"categories":[34],"tags":[],"class_list":["post-9139","post","type-post","status-publish","format-standard","has-post-thumbnail","hentry","category-religie"],"yoast_head":"<!-- This site is optimized with the Yoast SEO plugin v27.0 - https:\/\/yoast.com\/product\/yoast-seo-wordpress\/ -->\n<title>Ce este Sf\u00e2nta Treime? - MHF Photography<\/title>\n<meta name=\"robots\" content=\"index, follow, max-snippet:-1, max-image-preview:large, max-video-preview:-1\" \/>\n<link rel=\"canonical\" href=\"https:\/\/mhf.ro\/mm\/ce-este-sfanta-treime\/\" \/>\n<meta property=\"og:locale\" content=\"ro_RO\" \/>\n<meta property=\"og:type\" content=\"article\" \/>\n<meta property=\"og:title\" content=\"Ce este Sf\u00e2nta Treime? - MHF Photography\" \/>\n<meta property=\"og:description\" content=\"Fiul este lumina Tat\u0103lui care a venit \u00een lume ca s\u0103 ne lumineze calea spre ve\u0219nicie, iar Duhul Sf\u00e2nt e\" \/>\n<meta property=\"og:url\" content=\"https:\/\/mhf.ro\/mm\/ce-este-sfanta-treime\/\" \/>\n<meta property=\"og:site_name\" content=\"MHF Photography\" \/>\n<meta property=\"article:published_time\" content=\"2023-06-05T08:28:57+00:00\" \/>\n<meta property=\"og:image\" content=\"https:\/\/mhf.ro\/mm\/wp-content\/uploads\/2022\/06\/sf-treime.jpg\" \/>\n\t<meta property=\"og:image:width\" content=\"300\" \/>\n\t<meta property=\"og:image:height\" content=\"168\" \/>\n\t<meta property=\"og:image:type\" content=\"image\/jpeg\" \/>\n<meta name=\"author\" content=\"Preot paroh Horvat Petru\" \/>\n<meta name=\"twitter:card\" content=\"summary_large_image\" \/>\n<meta name=\"twitter:label1\" content=\"Scris de\" \/>\n\t<meta name=\"twitter:data1\" content=\"Preot paroh Horvat Petru\" \/>\n\t<meta name=\"twitter:label2\" content=\"Timp estimat pentru citire\" \/>\n\t<meta name=\"twitter:data2\" content=\"2 minute\" \/>\n<script type=\"application\/ld+json\" class=\"yoast-schema-graph\">{\"@context\":\"https:\/\/schema.org\",\"@graph\":[{\"@type\":\"Article\",\"@id\":\"https:\/\/mhf.ro\/mm\/ce-este-sfanta-treime\/#article\",\"isPartOf\":{\"@id\":\"https:\/\/mhf.ro\/mm\/ce-este-sfanta-treime\/\"},\"author\":{\"name\":\"Preot paroh Horvat Petru\",\"@id\":\"https:\/\/mhf.ro\/mm\/#\/schema\/person\/4c8c06c801b7b666e81ed44550086900\"},\"headline\":\"Ce este Sf\u00e2nta Treime?\",\"datePublished\":\"2023-06-05T08:28:57+00:00\",\"mainEntityOfPage\":{\"@id\":\"https:\/\/mhf.ro\/mm\/ce-este-sfanta-treime\/\"},\"wordCount\":491,\"commentCount\":0,\"publisher\":{\"@id\":\"https:\/\/mhf.ro\/mm\/#\/schema\/person\/a3bebf7bdb4bf12f698aff73c7e46c21\"},\"image\":{\"@id\":\"https:\/\/mhf.ro\/mm\/ce-este-sfanta-treime\/#primaryimage\"},\"thumbnailUrl\":\"https:\/\/mhf.ro\/mm\/wp-content\/uploads\/2022\/06\/sf-treime.jpg\",\"articleSection\":[\"Religie\"],\"inLanguage\":\"ro-RO\",\"potentialAction\":[{\"@type\":\"CommentAction\",\"name\":\"Comment\",\"target\":[\"https:\/\/mhf.ro\/mm\/ce-este-sfanta-treime\/#respond\"]}]},{\"@type\":\"WebPage\",\"@id\":\"https:\/\/mhf.ro\/mm\/ce-este-sfanta-treime\/\",\"url\":\"https:\/\/mhf.ro\/mm\/ce-este-sfanta-treime\/\",\"name\":\"Ce este Sf\u00e2nta Treime? - MHF Photography\",\"isPartOf\":{\"@id\":\"https:\/\/mhf.ro\/mm\/#website\"},\"primaryImageOfPage\":{\"@id\":\"https:\/\/mhf.ro\/mm\/ce-este-sfanta-treime\/#primaryimage\"},\"image\":{\"@id\":\"https:\/\/mhf.ro\/mm\/ce-este-sfanta-treime\/#primaryimage\"},\"thumbnailUrl\":\"https:\/\/mhf.ro\/mm\/wp-content\/uploads\/2022\/06\/sf-treime.jpg\",\"datePublished\":\"2023-06-05T08:28:57+00:00\",\"breadcrumb\":{\"@id\":\"https:\/\/mhf.ro\/mm\/ce-este-sfanta-treime\/#breadcrumb\"},\"inLanguage\":\"ro-RO\",\"potentialAction\":[{\"@type\":\"ReadAction\",\"target\":[\"https:\/\/mhf.ro\/mm\/ce-este-sfanta-treime\/\"]}]},{\"@type\":\"ImageObject\",\"inLanguage\":\"ro-RO\",\"@id\":\"https:\/\/mhf.ro\/mm\/ce-este-sfanta-treime\/#primaryimage\",\"url\":\"https:\/\/mhf.ro\/mm\/wp-content\/uploads\/2022\/06\/sf-treime.jpg\",\"contentUrl\":\"https:\/\/mhf.ro\/mm\/wp-content\/uploads\/2022\/06\/sf-treime.jpg\",\"width\":300,\"height\":168},{\"@type\":\"BreadcrumbList\",\"@id\":\"https:\/\/mhf.ro\/mm\/ce-este-sfanta-treime\/#breadcrumb\",\"itemListElement\":[{\"@type\":\"ListItem\",\"position\":1,\"name\":\"Prima pagin\u0103\",\"item\":\"https:\/\/mhf.ro\/mm\/\"},{\"@type\":\"ListItem\",\"position\":2,\"name\":\"Ce este Sf\u00e2nta Treime?\"}]},{\"@type\":\"WebSite\",\"@id\":\"https:\/\/mhf.ro\/mm\/#website\",\"url\":\"https:\/\/mhf.ro\/mm\/\",\"name\":\"MHF Photography \u2013 Blog de fotografie, natur\u0103 \u0219i tehnic\u0103 divers\u0103\",\"description\":\"Aventur\u0103 \u00een fiecare cadru.\",\"publisher\":{\"@id\":\"https:\/\/mhf.ro\/mm\/#\/schema\/person\/a3bebf7bdb4bf12f698aff73c7e46c21\"},\"potentialAction\":[{\"@type\":\"SearchAction\",\"target\":{\"@type\":\"EntryPoint\",\"urlTemplate\":\"https:\/\/mhf.ro\/mm\/?s={search_term_string}\"},\"query-input\":{\"@type\":\"PropertyValueSpecification\",\"valueRequired\":true,\"valueName\":\"search_term_string\"}}],\"inLanguage\":\"ro-RO\"},{\"@type\":[\"Person\",\"Organization\"],\"@id\":\"https:\/\/mhf.ro\/mm\/#\/schema\/person\/a3bebf7bdb4bf12f698aff73c7e46c21\",\"name\":\"Marius Marcu\",\"image\":{\"@type\":\"ImageObject\",\"inLanguage\":\"ro-RO\",\"@id\":\"https:\/\/mhf.ro\/mm\/#\/schema\/person\/image\/\",\"url\":\"https:\/\/mhf.ro\/mm\/wp-content\/uploads\/2025\/12\/cropped-logo_mhf_2.png\",\"contentUrl\":\"https:\/\/mhf.ro\/mm\/wp-content\/uploads\/2025\/12\/cropped-logo_mhf_2.png\",\"width\":1096,\"height\":457,\"caption\":\"Marius Marcu\"},\"logo\":{\"@id\":\"https:\/\/mhf.ro\/mm\/#\/schema\/person\/image\/\"},\"sameAs\":[\"https:\/\/mhf.ro\/mm\"]},{\"@type\":\"Person\",\"@id\":\"https:\/\/mhf.ro\/mm\/#\/schema\/person\/4c8c06c801b7b666e81ed44550086900\",\"name\":\"Preot paroh Horvat Petru\",\"image\":{\"@type\":\"ImageObject\",\"inLanguage\":\"ro-RO\",\"@id\":\"https:\/\/mhf.ro\/mm\/#\/schema\/person\/image\/\",\"url\":\"https:\/\/secure.gravatar.com\/avatar\/c2d2dcdf21c6f41aad486d71768c144cd6e23cb7b63bae9bd6fab542b26ad321?s=96&d=monsterid&r=g\",\"contentUrl\":\"https:\/\/secure.gravatar.com\/avatar\/c2d2dcdf21c6f41aad486d71768c144cd6e23cb7b63bae9bd6fab542b26ad321?s=96&d=monsterid&r=g\",\"caption\":\"Preot paroh Horvat Petru\"},\"sameAs\":[\"https:\/\/mhf.ro\/mm\"],\"url\":\"https:\/\/mhf.ro\/mm\/author\/petrica\/\"}]}<\/script>\n<!-- \/ Yoast SEO plugin. -->","yoast_head_json":{"title":"Ce este Sf\u00e2nta Treime? - MHF Photography","robots":{"index":"index","follow":"follow","max-snippet":"max-snippet:-1","max-image-preview":"max-image-preview:large","max-video-preview":"max-video-preview:-1"},"canonical":"https:\/\/mhf.ro\/mm\/ce-este-sfanta-treime\/","og_locale":"ro_RO","og_type":"article","og_title":"Ce este Sf\u00e2nta Treime? - MHF Photography","og_description":"Fiul este lumina Tat\u0103lui care a venit \u00een lume ca s\u0103 ne lumineze calea spre ve\u0219nicie, iar Duhul Sf\u00e2nt e","og_url":"https:\/\/mhf.ro\/mm\/ce-este-sfanta-treime\/","og_site_name":"MHF Photography","article_published_time":"2023-06-05T08:28:57+00:00","og_image":[{"width":300,"height":168,"url":"https:\/\/mhf.ro\/mm\/wp-content\/uploads\/2022\/06\/sf-treime.jpg","type":"image\/jpeg"}],"author":"Preot paroh Horvat Petru","twitter_card":"summary_large_image","twitter_misc":{"Scris de":"Preot paroh Horvat Petru","Timp estimat pentru citire":"2 minute"},"schema":{"@context":"https:\/\/schema.org","@graph":[{"@type":"Article","@id":"https:\/\/mhf.ro\/mm\/ce-este-sfanta-treime\/#article","isPartOf":{"@id":"https:\/\/mhf.ro\/mm\/ce-este-sfanta-treime\/"},"author":{"name":"Preot paroh Horvat Petru","@id":"https:\/\/mhf.ro\/mm\/#\/schema\/person\/4c8c06c801b7b666e81ed44550086900"},"headline":"Ce este Sf\u00e2nta Treime?","datePublished":"2023-06-05T08:28:57+00:00","mainEntityOfPage":{"@id":"https:\/\/mhf.ro\/mm\/ce-este-sfanta-treime\/"},"wordCount":491,"commentCount":0,"publisher":{"@id":"https:\/\/mhf.ro\/mm\/#\/schema\/person\/a3bebf7bdb4bf12f698aff73c7e46c21"},"image":{"@id":"https:\/\/mhf.ro\/mm\/ce-este-sfanta-treime\/#primaryimage"},"thumbnailUrl":"https:\/\/mhf.ro\/mm\/wp-content\/uploads\/2022\/06\/sf-treime.jpg","articleSection":["Religie"],"inLanguage":"ro-RO","potentialAction":[{"@type":"CommentAction","name":"Comment","target":["https:\/\/mhf.ro\/mm\/ce-este-sfanta-treime\/#respond"]}]},{"@type":"WebPage","@id":"https:\/\/mhf.ro\/mm\/ce-este-sfanta-treime\/","url":"https:\/\/mhf.ro\/mm\/ce-este-sfanta-treime\/","name":"Ce este Sf\u00e2nta Treime? - MHF Photography","isPartOf":{"@id":"https:\/\/mhf.ro\/mm\/#website"},"primaryImageOfPage":{"@id":"https:\/\/mhf.ro\/mm\/ce-este-sfanta-treime\/#primaryimage"},"image":{"@id":"https:\/\/mhf.ro\/mm\/ce-este-sfanta-treime\/#primaryimage"},"thumbnailUrl":"https:\/\/mhf.ro\/mm\/wp-content\/uploads\/2022\/06\/sf-treime.jpg","datePublished":"2023-06-05T08:28:57+00:00","breadcrumb":{"@id":"https:\/\/mhf.ro\/mm\/ce-este-sfanta-treime\/#breadcrumb"},"inLanguage":"ro-RO","potentialAction":[{"@type":"ReadAction","target":["https:\/\/mhf.ro\/mm\/ce-este-sfanta-treime\/"]}]},{"@type":"ImageObject","inLanguage":"ro-RO","@id":"https:\/\/mhf.ro\/mm\/ce-este-sfanta-treime\/#primaryimage","url":"https:\/\/mhf.ro\/mm\/wp-content\/uploads\/2022\/06\/sf-treime.jpg","contentUrl":"https:\/\/mhf.ro\/mm\/wp-content\/uploads\/2022\/06\/sf-treime.jpg","width":300,"height":168},{"@type":"BreadcrumbList","@id":"https:\/\/mhf.ro\/mm\/ce-este-sfanta-treime\/#breadcrumb","itemListElement":[{"@type":"ListItem","position":1,"name":"Prima pagin\u0103","item":"https:\/\/mhf.ro\/mm\/"},{"@type":"ListItem","position":2,"name":"Ce este Sf\u00e2nta Treime?"}]},{"@type":"WebSite","@id":"https:\/\/mhf.ro\/mm\/#website","url":"https:\/\/mhf.ro\/mm\/","name":"MHF Photography \u2013 Blog de fotografie, natur\u0103 \u0219i tehnic\u0103 divers\u0103","description":"Aventur\u0103 \u00een fiecare cadru.","publisher":{"@id":"https:\/\/mhf.ro\/mm\/#\/schema\/person\/a3bebf7bdb4bf12f698aff73c7e46c21"},"potentialAction":[{"@type":"SearchAction","target":{"@type":"EntryPoint","urlTemplate":"https:\/\/mhf.ro\/mm\/?s={search_term_string}"},"query-input":{"@type":"PropertyValueSpecification","valueRequired":true,"valueName":"search_term_string"}}],"inLanguage":"ro-RO"},{"@type":["Person","Organization"],"@id":"https:\/\/mhf.ro\/mm\/#\/schema\/person\/a3bebf7bdb4bf12f698aff73c7e46c21","name":"Marius Marcu","image":{"@type":"ImageObject","inLanguage":"ro-RO","@id":"https:\/\/mhf.ro\/mm\/#\/schema\/person\/image\/","url":"https:\/\/mhf.ro\/mm\/wp-content\/uploads\/2025\/12\/cropped-logo_mhf_2.png","contentUrl":"https:\/\/mhf.ro\/mm\/wp-content\/uploads\/2025\/12\/cropped-logo_mhf_2.png","width":1096,"height":457,"caption":"Marius Marcu"},"logo":{"@id":"https:\/\/mhf.ro\/mm\/#\/schema\/person\/image\/"},"sameAs":["https:\/\/mhf.ro\/mm"]},{"@type":"Person","@id":"https:\/\/mhf.ro\/mm\/#\/schema\/person\/4c8c06c801b7b666e81ed44550086900","name":"Preot paroh Horvat Petru","image":{"@type":"ImageObject","inLanguage":"ro-RO","@id":"https:\/\/mhf.ro\/mm\/#\/schema\/person\/image\/","url":"https:\/\/secure.gravatar.com\/avatar\/c2d2dcdf21c6f41aad486d71768c144cd6e23cb7b63bae9bd6fab542b26ad321?s=96&d=monsterid&r=g","contentUrl":"https:\/\/secure.gravatar.com\/avatar\/c2d2dcdf21c6f41aad486d71768c144cd6e23cb7b63bae9bd6fab542b26ad321?s=96&d=monsterid&r=g","caption":"Preot paroh Horvat Petru"},"sameAs":["https:\/\/mhf.ro\/mm"],"url":"https:\/\/mhf.ro\/mm\/author\/petrica\/"}]}},"_links":{"self":[{"href":"https:\/\/mhf.ro\/mm\/wp-json\/wp\/v2\/posts\/9139","targetHints":{"allow":["GET"]}}],"collection":[{"href":"https:\/\/mhf.ro\/mm\/wp-json\/wp\/v2\/posts"}],"about":[{"href":"https:\/\/mhf.ro\/mm\/wp-json\/wp\/v2\/types\/post"}],"author":[{"embeddable":true,"href":"https:\/\/mhf.ro\/mm\/wp-json\/wp\/v2\/users\/4"}],"replies":[{"embeddable":true,"href":"https:\/\/mhf.ro\/mm\/wp-json\/wp\/v2\/comments?post=9139"}],"version-history":[{"count":1,"href":"https:\/\/mhf.ro\/mm\/wp-json\/wp\/v2\/posts\/9139\/revisions"}],"predecessor-version":[{"id":9140,"href":"https:\/\/mhf.ro\/mm\/wp-json\/wp\/v2\/posts\/9139\/revisions\/9140"}],"wp:featuredmedia":[{"embeddable":true,"href":"https:\/\/mhf.ro\/mm\/wp-json\/wp\/v2\/media\/7843"}],"wp:attachment":[{"href":"https:\/\/mhf.ro\/mm\/wp-json\/wp\/v2\/media?parent=9139"}],"wp:term":[{"taxonomy":"category","embeddable":true,"href":"https:\/\/mhf.ro\/mm\/wp-json\/wp\/v2\/categories?post=9139"},{"taxonomy":"post_tag","embeddable":true,"href":"https:\/\/mhf.ro\/mm\/wp-json\/wp\/v2\/tags?post=9139"}],"curies":[{"name":"wp","href":"https:\/\/api.w.org\/{rel}","templated":true}]}}