{"id":917,"date":"2020-04-23T13:55:30","date_gmt":"2020-04-23T13:55:30","guid":{"rendered":"https:\/\/mhf.ro\/mm\/?p=917"},"modified":"2020-04-23T14:02:24","modified_gmt":"2020-04-23T14:02:24","slug":"povestea-telefoanelor-noastre-care-ne-vorbesc-despre-covid19","status":"publish","type":"post","link":"https:\/\/mhf.ro\/mm\/povestea-telefoanelor-noastre-care-ne-vorbesc-despre-covid19\/","title":{"rendered":"Povestea telefoanelor noastre care ne vorbesc despre covid19"},"content":{"rendered":"<p>Dupa cum bine stim, in ultima vreme am inceput sa devenim tot mai constienti de modul in care site-urile si aplicatiile telefonice, colecteaza tot felul de informatii despre utilizatori. Deja suntem familiarizati si cunoastem cat de usor pot companiile sa adune si sa vanda date despre locatiile colectate de pe telefoanele mobile. Totul se intampla silentios, fara ca utilizatorii sa constientizeze pe deplin, implicatiile. In timpul pandemiei de coronavirus, in urma unor cercetari,\u00a0s-a constatat ca datele despre localizare au aratat si impactul inegal al bolii. Analiza informatiilor despre locatie au evidentiat faptul ca se poate determina care cetateni se adapostesc in locul cel mai eficient.<\/p>\n<p>Datorita problemelor de confidentialitate care tin de utilizarea si prelucrarea datelor de pe telefonul mobil, nu se pot face publice astfel de analize, nu este indicata o astfel de preocupare. Avem o vorba \u201escopul scuza mijlocul\u201d. In lupta cu coronavirusul, orice informatie care dezvaluie modul cum actioneaza, unde si cum e bine sa ne ferim de el, ar trebui sa fie folosita. Este bine sa luptam permanent impotriva abuzurilor de orice fel, dar acest lucru nu ar trebui sa ne paralizeze, sa nu acceptam partea buna a colectarii datelor.<\/p>\n<p><span class=\"tlid-translation translation\" lang=\"ro\"><span class=\"\" title=\"\">\u00a0<\/span><\/span><\/p>\n","protected":false},"excerpt":{"rendered":"<p>Dupa cum bine stim, in ultima vreme am inceput sa devenim tot mai constienti de modul in care site-urile si<\/p>\n","protected":false},"author":1,"featured_media":921,"comment_status":"open","ping_status":"open","sticky":false,"template":"","format":"standard","meta":{"colormag_page_container_layout":"default_layout","colormag_page_sidebar_layout":"default_layout","footnotes":""},"categories":[8],"tags":[],"class_list":["post-917","post","type-post","status-publish","format-standard","has-post-thumbnail","hentry","category-div"],"yoast_head":"<!-- This site is optimized with the Yoast SEO plugin v27.0 - https:\/\/yoast.com\/product\/yoast-seo-wordpress\/ -->\n<title>Povestea telefoanelor noastre care ne vorbesc despre covid19 - MHF Photography<\/title>\n<meta name=\"robots\" content=\"index, follow, max-snippet:-1, max-image-preview:large, max-video-preview:-1\" \/>\n<link rel=\"canonical\" href=\"https:\/\/mhf.ro\/mm\/povestea-telefoanelor-noastre-care-ne-vorbesc-despre-covid19\/\" \/>\n<meta property=\"og:locale\" content=\"ro_RO\" \/>\n<meta property=\"og:type\" content=\"article\" \/>\n<meta property=\"og:title\" content=\"Povestea telefoanelor noastre care ne vorbesc despre covid19 - MHF Photography\" \/>\n<meta property=\"og:description\" content=\"Dupa cum bine stim, in ultima vreme am inceput sa devenim tot mai constienti de modul in care site-urile si\" \/>\n<meta property=\"og:url\" content=\"https:\/\/mhf.ro\/mm\/povestea-telefoanelor-noastre-care-ne-vorbesc-despre-covid19\/\" \/>\n<meta property=\"og:site_name\" content=\"MHF Photography\" \/>\n<meta property=\"article:published_time\" content=\"2020-04-23T13:55:30+00:00\" \/>\n<meta property=\"article:modified_time\" content=\"2020-04-23T14:02:24+00:00\" \/>\n<meta property=\"og:image\" content=\"https:\/\/mhf.ro\/mm\/wp-content\/uploads\/2020\/04\/telefon_a.jpg\" \/>\n\t<meta property=\"og:image:width\" content=\"300\" \/>\n\t<meta property=\"og:image:height\" content=\"168\" \/>\n\t<meta property=\"og:image:type\" content=\"image\/jpeg\" \/>\n<meta name=\"author\" content=\"Marius Marcu\" \/>\n<meta name=\"twitter:card\" content=\"summary_large_image\" \/>\n<meta name=\"twitter:label1\" content=\"Scris de\" \/>\n\t<meta name=\"twitter:data1\" content=\"Marius Marcu\" \/>\n\t<meta name=\"twitter:label2\" content=\"Timp estimat pentru citire\" \/>\n\t<meta name=\"twitter:data2\" content=\"1 minut\" \/>\n<script type=\"application\/ld+json\" class=\"yoast-schema-graph\">{\"@context\":\"https:\/\/schema.org\",\"@graph\":[{\"@type\":\"Article\",\"@id\":\"https:\/\/mhf.ro\/mm\/povestea-telefoanelor-noastre-care-ne-vorbesc-despre-covid19\/#article\",\"isPartOf\":{\"@id\":\"https:\/\/mhf.ro\/mm\/povestea-telefoanelor-noastre-care-ne-vorbesc-despre-covid19\/\"},\"author\":{\"name\":\"Marius Marcu\",\"@id\":\"https:\/\/mhf.ro\/mm\/#\/schema\/person\/a3bebf7bdb4bf12f698aff73c7e46c21\"},\"headline\":\"Povestea telefoanelor noastre care ne vorbesc despre covid19\",\"datePublished\":\"2020-04-23T13:55:30+00:00\",\"dateModified\":\"2020-04-23T14:02:24+00:00\",\"mainEntityOfPage\":{\"@id\":\"https:\/\/mhf.ro\/mm\/povestea-telefoanelor-noastre-care-ne-vorbesc-despre-covid19\/\"},\"wordCount\":203,\"commentCount\":0,\"publisher\":{\"@id\":\"https:\/\/mhf.ro\/mm\/#\/schema\/person\/a3bebf7bdb4bf12f698aff73c7e46c21\"},\"image\":{\"@id\":\"https:\/\/mhf.ro\/mm\/povestea-telefoanelor-noastre-care-ne-vorbesc-despre-covid19\/#primaryimage\"},\"thumbnailUrl\":\"https:\/\/mhf.ro\/mm\/wp-content\/uploads\/2020\/04\/telefon_a.jpg\",\"articleSection\":[\"Diverse\"],\"inLanguage\":\"ro-RO\",\"potentialAction\":[{\"@type\":\"CommentAction\",\"name\":\"Comment\",\"target\":[\"https:\/\/mhf.ro\/mm\/povestea-telefoanelor-noastre-care-ne-vorbesc-despre-covid19\/#respond\"]}]},{\"@type\":\"WebPage\",\"@id\":\"https:\/\/mhf.ro\/mm\/povestea-telefoanelor-noastre-care-ne-vorbesc-despre-covid19\/\",\"url\":\"https:\/\/mhf.ro\/mm\/povestea-telefoanelor-noastre-care-ne-vorbesc-despre-covid19\/\",\"name\":\"Povestea telefoanelor noastre care ne vorbesc despre covid19 - MHF Photography\",\"isPartOf\":{\"@id\":\"https:\/\/mhf.ro\/mm\/#website\"},\"primaryImageOfPage\":{\"@id\":\"https:\/\/mhf.ro\/mm\/povestea-telefoanelor-noastre-care-ne-vorbesc-despre-covid19\/#primaryimage\"},\"image\":{\"@id\":\"https:\/\/mhf.ro\/mm\/povestea-telefoanelor-noastre-care-ne-vorbesc-despre-covid19\/#primaryimage\"},\"thumbnailUrl\":\"https:\/\/mhf.ro\/mm\/wp-content\/uploads\/2020\/04\/telefon_a.jpg\",\"datePublished\":\"2020-04-23T13:55:30+00:00\",\"dateModified\":\"2020-04-23T14:02:24+00:00\",\"breadcrumb\":{\"@id\":\"https:\/\/mhf.ro\/mm\/povestea-telefoanelor-noastre-care-ne-vorbesc-despre-covid19\/#breadcrumb\"},\"inLanguage\":\"ro-RO\",\"potentialAction\":[{\"@type\":\"ReadAction\",\"target\":[\"https:\/\/mhf.ro\/mm\/povestea-telefoanelor-noastre-care-ne-vorbesc-despre-covid19\/\"]}]},{\"@type\":\"ImageObject\",\"inLanguage\":\"ro-RO\",\"@id\":\"https:\/\/mhf.ro\/mm\/povestea-telefoanelor-noastre-care-ne-vorbesc-despre-covid19\/#primaryimage\",\"url\":\"https:\/\/mhf.ro\/mm\/wp-content\/uploads\/2020\/04\/telefon_a.jpg\",\"contentUrl\":\"https:\/\/mhf.ro\/mm\/wp-content\/uploads\/2020\/04\/telefon_a.jpg\",\"width\":300,\"height\":168},{\"@type\":\"BreadcrumbList\",\"@id\":\"https:\/\/mhf.ro\/mm\/povestea-telefoanelor-noastre-care-ne-vorbesc-despre-covid19\/#breadcrumb\",\"itemListElement\":[{\"@type\":\"ListItem\",\"position\":1,\"name\":\"Prima pagin\u0103\",\"item\":\"https:\/\/mhf.ro\/mm\/\"},{\"@type\":\"ListItem\",\"position\":2,\"name\":\"Povestea telefoanelor noastre care ne vorbesc despre covid19\"}]},{\"@type\":\"WebSite\",\"@id\":\"https:\/\/mhf.ro\/mm\/#website\",\"url\":\"https:\/\/mhf.ro\/mm\/\",\"name\":\"MHF Photography \u2013 Blog de fotografie, natur\u0103 \u0219i tehnic\u0103 divers\u0103\",\"description\":\"Aventur\u0103 \u00een fiecare cadru.\",\"publisher\":{\"@id\":\"https:\/\/mhf.ro\/mm\/#\/schema\/person\/a3bebf7bdb4bf12f698aff73c7e46c21\"},\"potentialAction\":[{\"@type\":\"SearchAction\",\"target\":{\"@type\":\"EntryPoint\",\"urlTemplate\":\"https:\/\/mhf.ro\/mm\/?s={search_term_string}\"},\"query-input\":{\"@type\":\"PropertyValueSpecification\",\"valueRequired\":true,\"valueName\":\"search_term_string\"}}],\"inLanguage\":\"ro-RO\"},{\"@type\":[\"Person\",\"Organization\"],\"@id\":\"https:\/\/mhf.ro\/mm\/#\/schema\/person\/a3bebf7bdb4bf12f698aff73c7e46c21\",\"name\":\"Marius Marcu\",\"image\":{\"@type\":\"ImageObject\",\"inLanguage\":\"ro-RO\",\"@id\":\"https:\/\/mhf.ro\/mm\/#\/schema\/person\/image\/\",\"url\":\"https:\/\/mhf.ro\/mm\/wp-content\/uploads\/2025\/12\/cropped-logo_mhf_2.png\",\"contentUrl\":\"https:\/\/mhf.ro\/mm\/wp-content\/uploads\/2025\/12\/cropped-logo_mhf_2.png\",\"width\":1096,\"height\":457,\"caption\":\"Marius Marcu\"},\"logo\":{\"@id\":\"https:\/\/mhf.ro\/mm\/#\/schema\/person\/image\/\"},\"sameAs\":[\"https:\/\/mhf.ro\/mm\"],\"url\":\"https:\/\/mhf.ro\/mm\/author\/mihai\/\"}]}<\/script>\n<!-- \/ Yoast SEO plugin. -->","yoast_head_json":{"title":"Povestea telefoanelor noastre care ne vorbesc despre covid19 - MHF Photography","robots":{"index":"index","follow":"follow","max-snippet":"max-snippet:-1","max-image-preview":"max-image-preview:large","max-video-preview":"max-video-preview:-1"},"canonical":"https:\/\/mhf.ro\/mm\/povestea-telefoanelor-noastre-care-ne-vorbesc-despre-covid19\/","og_locale":"ro_RO","og_type":"article","og_title":"Povestea telefoanelor noastre care ne vorbesc despre covid19 - MHF Photography","og_description":"Dupa cum bine stim, in ultima vreme am inceput sa devenim tot mai constienti de modul in care site-urile si","og_url":"https:\/\/mhf.ro\/mm\/povestea-telefoanelor-noastre-care-ne-vorbesc-despre-covid19\/","og_site_name":"MHF Photography","article_published_time":"2020-04-23T13:55:30+00:00","article_modified_time":"2020-04-23T14:02:24+00:00","og_image":[{"width":300,"height":168,"url":"https:\/\/mhf.ro\/mm\/wp-content\/uploads\/2020\/04\/telefon_a.jpg","type":"image\/jpeg"}],"author":"Marius Marcu","twitter_card":"summary_large_image","twitter_misc":{"Scris de":"Marius Marcu","Timp estimat pentru citire":"1 minut"},"schema":{"@context":"https:\/\/schema.org","@graph":[{"@type":"Article","@id":"https:\/\/mhf.ro\/mm\/povestea-telefoanelor-noastre-care-ne-vorbesc-despre-covid19\/#article","isPartOf":{"@id":"https:\/\/mhf.ro\/mm\/povestea-telefoanelor-noastre-care-ne-vorbesc-despre-covid19\/"},"author":{"name":"Marius Marcu","@id":"https:\/\/mhf.ro\/mm\/#\/schema\/person\/a3bebf7bdb4bf12f698aff73c7e46c21"},"headline":"Povestea telefoanelor noastre care ne vorbesc despre covid19","datePublished":"2020-04-23T13:55:30+00:00","dateModified":"2020-04-23T14:02:24+00:00","mainEntityOfPage":{"@id":"https:\/\/mhf.ro\/mm\/povestea-telefoanelor-noastre-care-ne-vorbesc-despre-covid19\/"},"wordCount":203,"commentCount":0,"publisher":{"@id":"https:\/\/mhf.ro\/mm\/#\/schema\/person\/a3bebf7bdb4bf12f698aff73c7e46c21"},"image":{"@id":"https:\/\/mhf.ro\/mm\/povestea-telefoanelor-noastre-care-ne-vorbesc-despre-covid19\/#primaryimage"},"thumbnailUrl":"https:\/\/mhf.ro\/mm\/wp-content\/uploads\/2020\/04\/telefon_a.jpg","articleSection":["Diverse"],"inLanguage":"ro-RO","potentialAction":[{"@type":"CommentAction","name":"Comment","target":["https:\/\/mhf.ro\/mm\/povestea-telefoanelor-noastre-care-ne-vorbesc-despre-covid19\/#respond"]}]},{"@type":"WebPage","@id":"https:\/\/mhf.ro\/mm\/povestea-telefoanelor-noastre-care-ne-vorbesc-despre-covid19\/","url":"https:\/\/mhf.ro\/mm\/povestea-telefoanelor-noastre-care-ne-vorbesc-despre-covid19\/","name":"Povestea telefoanelor noastre care ne vorbesc despre covid19 - MHF Photography","isPartOf":{"@id":"https:\/\/mhf.ro\/mm\/#website"},"primaryImageOfPage":{"@id":"https:\/\/mhf.ro\/mm\/povestea-telefoanelor-noastre-care-ne-vorbesc-despre-covid19\/#primaryimage"},"image":{"@id":"https:\/\/mhf.ro\/mm\/povestea-telefoanelor-noastre-care-ne-vorbesc-despre-covid19\/#primaryimage"},"thumbnailUrl":"https:\/\/mhf.ro\/mm\/wp-content\/uploads\/2020\/04\/telefon_a.jpg","datePublished":"2020-04-23T13:55:30+00:00","dateModified":"2020-04-23T14:02:24+00:00","breadcrumb":{"@id":"https:\/\/mhf.ro\/mm\/povestea-telefoanelor-noastre-care-ne-vorbesc-despre-covid19\/#breadcrumb"},"inLanguage":"ro-RO","potentialAction":[{"@type":"ReadAction","target":["https:\/\/mhf.ro\/mm\/povestea-telefoanelor-noastre-care-ne-vorbesc-despre-covid19\/"]}]},{"@type":"ImageObject","inLanguage":"ro-RO","@id":"https:\/\/mhf.ro\/mm\/povestea-telefoanelor-noastre-care-ne-vorbesc-despre-covid19\/#primaryimage","url":"https:\/\/mhf.ro\/mm\/wp-content\/uploads\/2020\/04\/telefon_a.jpg","contentUrl":"https:\/\/mhf.ro\/mm\/wp-content\/uploads\/2020\/04\/telefon_a.jpg","width":300,"height":168},{"@type":"BreadcrumbList","@id":"https:\/\/mhf.ro\/mm\/povestea-telefoanelor-noastre-care-ne-vorbesc-despre-covid19\/#breadcrumb","itemListElement":[{"@type":"ListItem","position":1,"name":"Prima pagin\u0103","item":"https:\/\/mhf.ro\/mm\/"},{"@type":"ListItem","position":2,"name":"Povestea telefoanelor noastre care ne vorbesc despre covid19"}]},{"@type":"WebSite","@id":"https:\/\/mhf.ro\/mm\/#website","url":"https:\/\/mhf.ro\/mm\/","name":"MHF Photography \u2013 Blog de fotografie, natur\u0103 \u0219i tehnic\u0103 divers\u0103","description":"Aventur\u0103 \u00een fiecare cadru.","publisher":{"@id":"https:\/\/mhf.ro\/mm\/#\/schema\/person\/a3bebf7bdb4bf12f698aff73c7e46c21"},"potentialAction":[{"@type":"SearchAction","target":{"@type":"EntryPoint","urlTemplate":"https:\/\/mhf.ro\/mm\/?s={search_term_string}"},"query-input":{"@type":"PropertyValueSpecification","valueRequired":true,"valueName":"search_term_string"}}],"inLanguage":"ro-RO"},{"@type":["Person","Organization"],"@id":"https:\/\/mhf.ro\/mm\/#\/schema\/person\/a3bebf7bdb4bf12f698aff73c7e46c21","name":"Marius Marcu","image":{"@type":"ImageObject","inLanguage":"ro-RO","@id":"https:\/\/mhf.ro\/mm\/#\/schema\/person\/image\/","url":"https:\/\/mhf.ro\/mm\/wp-content\/uploads\/2025\/12\/cropped-logo_mhf_2.png","contentUrl":"https:\/\/mhf.ro\/mm\/wp-content\/uploads\/2025\/12\/cropped-logo_mhf_2.png","width":1096,"height":457,"caption":"Marius Marcu"},"logo":{"@id":"https:\/\/mhf.ro\/mm\/#\/schema\/person\/image\/"},"sameAs":["https:\/\/mhf.ro\/mm"],"url":"https:\/\/mhf.ro\/mm\/author\/mihai\/"}]}},"_links":{"self":[{"href":"https:\/\/mhf.ro\/mm\/wp-json\/wp\/v2\/posts\/917","targetHints":{"allow":["GET"]}}],"collection":[{"href":"https:\/\/mhf.ro\/mm\/wp-json\/wp\/v2\/posts"}],"about":[{"href":"https:\/\/mhf.ro\/mm\/wp-json\/wp\/v2\/types\/post"}],"author":[{"embeddable":true,"href":"https:\/\/mhf.ro\/mm\/wp-json\/wp\/v2\/users\/1"}],"replies":[{"embeddable":true,"href":"https:\/\/mhf.ro\/mm\/wp-json\/wp\/v2\/comments?post=917"}],"version-history":[{"count":1,"href":"https:\/\/mhf.ro\/mm\/wp-json\/wp\/v2\/posts\/917\/revisions"}],"predecessor-version":[{"id":919,"href":"https:\/\/mhf.ro\/mm\/wp-json\/wp\/v2\/posts\/917\/revisions\/919"}],"wp:featuredmedia":[{"embeddable":true,"href":"https:\/\/mhf.ro\/mm\/wp-json\/wp\/v2\/media\/921"}],"wp:attachment":[{"href":"https:\/\/mhf.ro\/mm\/wp-json\/wp\/v2\/media?parent=917"}],"wp:term":[{"taxonomy":"category","embeddable":true,"href":"https:\/\/mhf.ro\/mm\/wp-json\/wp\/v2\/categories?post=917"},{"taxonomy":"post_tag","embeddable":true,"href":"https:\/\/mhf.ro\/mm\/wp-json\/wp\/v2\/tags?post=917"}],"curies":[{"name":"wp","href":"https:\/\/api.w.org\/{rel}","templated":true}]}}