{"id":9177,"date":"2023-06-22T09:12:57","date_gmt":"2023-06-22T07:12:57","guid":{"rendered":"https:\/\/mhf.ro\/mm\/?p=9177"},"modified":"2023-06-22T09:12:57","modified_gmt":"2023-06-22T07:12:57","slug":"sfantul-ierarh-grigorie-dascalul-mitropolitul-tarii-romanesti","status":"publish","type":"post","link":"https:\/\/mhf.ro\/mm\/sfantul-ierarh-grigorie-dascalul-mitropolitul-tarii-romanesti\/","title":{"rendered":"Sf\u00e2ntul Ierarh Grigorie Dasc\u0103lul, mitropolitul \u021a\u0103rii Rom\u00e2ne\u0219ti"},"content":{"rendered":"<p class=\"has-black-color has-text-color has-medium-font-size\">Sf\u00e2ntul Grigorie s-a n\u0103scut \u00een Bucure\u0219ti, \u00een anul 1765. Din botez se chema Gheorghe Miculescu. El a \u00eenv\u0103\u021bat carte vreme de 12 ani la \u0219coala elineasc\u0103 de la M\u0103n\u0103stirea Sf\u00e2ntul Sava din Bucure\u0219ti. Dup\u0103 terminarea studiilor, \u00een anul 1790 a fost c\u0103lug\u0103rit la M\u0103n\u0103stirea Neam\u021b de Sf\u00e2ntul stare\u021b Paisie, primind numele de Grigorie. \u00cempreun\u0103 cu duhovnicul s\u0103u, P\u0103rintele Gherontie, a tradus multe c\u0103r\u021bi ale Sfin\u021bilor P\u0103rin\u021bi: T\u00e2lcuirile Sf\u00e2ntului Teofllact la Evanghelii, Dogmatica Sf\u00e2ntului Ioan Damaschin \u0219i altele. \u00cen 1823, fiind la M\u0103n\u0103stirea C\u0103ld\u0103ru\u0219ani, este ales mitropolit al \u021a\u0103rii Rom\u00e2ne\u0219ti. Vie\u021buind \u00een nevoin\u021b\u0103, el a condus cu mult\u0103 dragoste \u0219i \u00een\u021belepciune pe p\u0103stori\u021bii s\u0103i, \u00eengrijindu-se de biserici, ajut\u00e2nd v\u0103duvele \u0219i orfanii, \u00eentemeind tipografii \u0219i tip\u0103rind Vie\u021bile Sfin\u021bilor \u0219i alte c\u0103r\u021bi de folos, \u00eenfiin\u021b\u00e2nd \u0219coli \u0219i suferind surghiun pentru turma sa. \u00cen anul 1834 s-a mutat la cele cere\u0219ti, iar \u00een anul 2005 a fost trecut \u00een r\u00e2ndul sfin\u021bilor, moa\u0219tele sale fiind a\u0219ezate \u00een biserica M\u0103n\u0103stirii C\u0103ld\u0103ru\u0219ani.<\/p>\n","protected":false},"excerpt":{"rendered":"<p>Sf\u00e2ntul Grigorie s-a n\u0103scut \u00een Bucure\u0219ti, \u00een anul 1765. Din botez se chema Gheorghe Miculescu. El a \u00eenv\u0103\u021bat carte vreme<\/p>\n","protected":false},"author":4,"featured_media":9178,"comment_status":"open","ping_status":"open","sticky":false,"template":"","format":"standard","meta":{"colormag_page_container_layout":"default_layout","colormag_page_sidebar_layout":"default_layout","footnotes":""},"categories":[34],"tags":[],"class_list":["post-9177","post","type-post","status-publish","format-standard","has-post-thumbnail","hentry","category-religie"],"yoast_head":"<!-- This site is optimized with the Yoast SEO plugin v27.0 - https:\/\/yoast.com\/product\/yoast-seo-wordpress\/ -->\n<title>Sf\u00e2ntul Ierarh Grigorie Dasc\u0103lul, mitropolitul \u021a\u0103rii Rom\u00e2ne\u0219ti - MHF Photography<\/title>\n<meta name=\"robots\" content=\"index, follow, max-snippet:-1, max-image-preview:large, max-video-preview:-1\" \/>\n<link rel=\"canonical\" href=\"https:\/\/mhf.ro\/mm\/sfantul-ierarh-grigorie-dascalul-mitropolitul-tarii-romanesti\/\" \/>\n<meta property=\"og:locale\" content=\"ro_RO\" \/>\n<meta property=\"og:type\" content=\"article\" \/>\n<meta property=\"og:title\" content=\"Sf\u00e2ntul Ierarh Grigorie Dasc\u0103lul, mitropolitul \u021a\u0103rii Rom\u00e2ne\u0219ti - MHF Photography\" \/>\n<meta property=\"og:description\" content=\"Sf\u00e2ntul Grigorie s-a n\u0103scut \u00een Bucure\u0219ti, \u00een anul 1765. Din botez se chema Gheorghe Miculescu. El a \u00eenv\u0103\u021bat carte vreme\" \/>\n<meta property=\"og:url\" content=\"https:\/\/mhf.ro\/mm\/sfantul-ierarh-grigorie-dascalul-mitropolitul-tarii-romanesti\/\" \/>\n<meta property=\"og:site_name\" content=\"MHF Photography\" \/>\n<meta property=\"article:published_time\" content=\"2023-06-22T07:12:57+00:00\" \/>\n<meta property=\"og:image\" content=\"https:\/\/mhf.ro\/mm\/wp-content\/uploads\/2023\/06\/grig.-dascalu.jpg\" \/>\n\t<meta property=\"og:image:width\" content=\"232\" \/>\n\t<meta property=\"og:image:height\" content=\"130\" \/>\n\t<meta property=\"og:image:type\" content=\"image\/jpeg\" \/>\n<meta name=\"author\" content=\"Preot paroh Horvat Petru\" \/>\n<meta name=\"twitter:card\" content=\"summary_large_image\" \/>\n<meta name=\"twitter:label1\" content=\"Scris de\" \/>\n\t<meta name=\"twitter:data1\" content=\"Preot paroh Horvat Petru\" \/>\n\t<meta name=\"twitter:label2\" content=\"Timp estimat pentru citire\" \/>\n\t<meta name=\"twitter:data2\" content=\"1 minut\" \/>\n<script type=\"application\/ld+json\" class=\"yoast-schema-graph\">{\"@context\":\"https:\/\/schema.org\",\"@graph\":[{\"@type\":\"Article\",\"@id\":\"https:\/\/mhf.ro\/mm\/sfantul-ierarh-grigorie-dascalul-mitropolitul-tarii-romanesti\/#article\",\"isPartOf\":{\"@id\":\"https:\/\/mhf.ro\/mm\/sfantul-ierarh-grigorie-dascalul-mitropolitul-tarii-romanesti\/\"},\"author\":{\"name\":\"Preot paroh Horvat Petru\",\"@id\":\"https:\/\/mhf.ro\/mm\/#\/schema\/person\/4c8c06c801b7b666e81ed44550086900\"},\"headline\":\"Sf\u00e2ntul Ierarh Grigorie Dasc\u0103lul, mitropolitul \u021a\u0103rii Rom\u00e2ne\u0219ti\",\"datePublished\":\"2023-06-22T07:12:57+00:00\",\"mainEntityOfPage\":{\"@id\":\"https:\/\/mhf.ro\/mm\/sfantul-ierarh-grigorie-dascalul-mitropolitul-tarii-romanesti\/\"},\"wordCount\":213,\"commentCount\":0,\"publisher\":{\"@id\":\"https:\/\/mhf.ro\/mm\/#\/schema\/person\/a3bebf7bdb4bf12f698aff73c7e46c21\"},\"image\":{\"@id\":\"https:\/\/mhf.ro\/mm\/sfantul-ierarh-grigorie-dascalul-mitropolitul-tarii-romanesti\/#primaryimage\"},\"thumbnailUrl\":\"https:\/\/mhf.ro\/mm\/wp-content\/uploads\/2023\/06\/grig.-dascalu.jpg\",\"articleSection\":[\"Religie\"],\"inLanguage\":\"ro-RO\",\"potentialAction\":[{\"@type\":\"CommentAction\",\"name\":\"Comment\",\"target\":[\"https:\/\/mhf.ro\/mm\/sfantul-ierarh-grigorie-dascalul-mitropolitul-tarii-romanesti\/#respond\"]}]},{\"@type\":\"WebPage\",\"@id\":\"https:\/\/mhf.ro\/mm\/sfantul-ierarh-grigorie-dascalul-mitropolitul-tarii-romanesti\/\",\"url\":\"https:\/\/mhf.ro\/mm\/sfantul-ierarh-grigorie-dascalul-mitropolitul-tarii-romanesti\/\",\"name\":\"Sf\u00e2ntul Ierarh Grigorie Dasc\u0103lul, mitropolitul \u021a\u0103rii Rom\u00e2ne\u0219ti - MHF Photography\",\"isPartOf\":{\"@id\":\"https:\/\/mhf.ro\/mm\/#website\"},\"primaryImageOfPage\":{\"@id\":\"https:\/\/mhf.ro\/mm\/sfantul-ierarh-grigorie-dascalul-mitropolitul-tarii-romanesti\/#primaryimage\"},\"image\":{\"@id\":\"https:\/\/mhf.ro\/mm\/sfantul-ierarh-grigorie-dascalul-mitropolitul-tarii-romanesti\/#primaryimage\"},\"thumbnailUrl\":\"https:\/\/mhf.ro\/mm\/wp-content\/uploads\/2023\/06\/grig.-dascalu.jpg\",\"datePublished\":\"2023-06-22T07:12:57+00:00\",\"breadcrumb\":{\"@id\":\"https:\/\/mhf.ro\/mm\/sfantul-ierarh-grigorie-dascalul-mitropolitul-tarii-romanesti\/#breadcrumb\"},\"inLanguage\":\"ro-RO\",\"potentialAction\":[{\"@type\":\"ReadAction\",\"target\":[\"https:\/\/mhf.ro\/mm\/sfantul-ierarh-grigorie-dascalul-mitropolitul-tarii-romanesti\/\"]}]},{\"@type\":\"ImageObject\",\"inLanguage\":\"ro-RO\",\"@id\":\"https:\/\/mhf.ro\/mm\/sfantul-ierarh-grigorie-dascalul-mitropolitul-tarii-romanesti\/#primaryimage\",\"url\":\"https:\/\/mhf.ro\/mm\/wp-content\/uploads\/2023\/06\/grig.-dascalu.jpg\",\"contentUrl\":\"https:\/\/mhf.ro\/mm\/wp-content\/uploads\/2023\/06\/grig.-dascalu.jpg\",\"width\":232,\"height\":130},{\"@type\":\"BreadcrumbList\",\"@id\":\"https:\/\/mhf.ro\/mm\/sfantul-ierarh-grigorie-dascalul-mitropolitul-tarii-romanesti\/#breadcrumb\",\"itemListElement\":[{\"@type\":\"ListItem\",\"position\":1,\"name\":\"Prima pagin\u0103\",\"item\":\"https:\/\/mhf.ro\/mm\/\"},{\"@type\":\"ListItem\",\"position\":2,\"name\":\"Sf\u00e2ntul Ierarh Grigorie Dasc\u0103lul, mitropolitul \u021a\u0103rii Rom\u00e2ne\u0219ti\"}]},{\"@type\":\"WebSite\",\"@id\":\"https:\/\/mhf.ro\/mm\/#website\",\"url\":\"https:\/\/mhf.ro\/mm\/\",\"name\":\"MHF Photography \u2013 Blog de fotografie, natur\u0103 \u0219i tehnic\u0103 divers\u0103\",\"description\":\"Aventur\u0103 \u00een fiecare cadru.\",\"publisher\":{\"@id\":\"https:\/\/mhf.ro\/mm\/#\/schema\/person\/a3bebf7bdb4bf12f698aff73c7e46c21\"},\"potentialAction\":[{\"@type\":\"SearchAction\",\"target\":{\"@type\":\"EntryPoint\",\"urlTemplate\":\"https:\/\/mhf.ro\/mm\/?s={search_term_string}\"},\"query-input\":{\"@type\":\"PropertyValueSpecification\",\"valueRequired\":true,\"valueName\":\"search_term_string\"}}],\"inLanguage\":\"ro-RO\"},{\"@type\":[\"Person\",\"Organization\"],\"@id\":\"https:\/\/mhf.ro\/mm\/#\/schema\/person\/a3bebf7bdb4bf12f698aff73c7e46c21\",\"name\":\"Marius Marcu\",\"image\":{\"@type\":\"ImageObject\",\"inLanguage\":\"ro-RO\",\"@id\":\"https:\/\/mhf.ro\/mm\/#\/schema\/person\/image\/\",\"url\":\"https:\/\/mhf.ro\/mm\/wp-content\/uploads\/2025\/12\/cropped-logo_mhf_2.png\",\"contentUrl\":\"https:\/\/mhf.ro\/mm\/wp-content\/uploads\/2025\/12\/cropped-logo_mhf_2.png\",\"width\":1096,\"height\":457,\"caption\":\"Marius Marcu\"},\"logo\":{\"@id\":\"https:\/\/mhf.ro\/mm\/#\/schema\/person\/image\/\"},\"sameAs\":[\"https:\/\/mhf.ro\/mm\"]},{\"@type\":\"Person\",\"@id\":\"https:\/\/mhf.ro\/mm\/#\/schema\/person\/4c8c06c801b7b666e81ed44550086900\",\"name\":\"Preot paroh Horvat Petru\",\"image\":{\"@type\":\"ImageObject\",\"inLanguage\":\"ro-RO\",\"@id\":\"https:\/\/mhf.ro\/mm\/#\/schema\/person\/image\/\",\"url\":\"https:\/\/secure.gravatar.com\/avatar\/c2d2dcdf21c6f41aad486d71768c144cd6e23cb7b63bae9bd6fab542b26ad321?s=96&d=monsterid&r=g\",\"contentUrl\":\"https:\/\/secure.gravatar.com\/avatar\/c2d2dcdf21c6f41aad486d71768c144cd6e23cb7b63bae9bd6fab542b26ad321?s=96&d=monsterid&r=g\",\"caption\":\"Preot paroh Horvat Petru\"},\"sameAs\":[\"https:\/\/mhf.ro\/mm\"],\"url\":\"https:\/\/mhf.ro\/mm\/author\/petrica\/\"}]}<\/script>\n<!-- \/ Yoast SEO plugin. -->","yoast_head_json":{"title":"Sf\u00e2ntul Ierarh Grigorie Dasc\u0103lul, mitropolitul \u021a\u0103rii Rom\u00e2ne\u0219ti - MHF Photography","robots":{"index":"index","follow":"follow","max-snippet":"max-snippet:-1","max-image-preview":"max-image-preview:large","max-video-preview":"max-video-preview:-1"},"canonical":"https:\/\/mhf.ro\/mm\/sfantul-ierarh-grigorie-dascalul-mitropolitul-tarii-romanesti\/","og_locale":"ro_RO","og_type":"article","og_title":"Sf\u00e2ntul Ierarh Grigorie Dasc\u0103lul, mitropolitul \u021a\u0103rii Rom\u00e2ne\u0219ti - MHF Photography","og_description":"Sf\u00e2ntul Grigorie s-a n\u0103scut \u00een Bucure\u0219ti, \u00een anul 1765. Din botez se chema Gheorghe Miculescu. El a \u00eenv\u0103\u021bat carte vreme","og_url":"https:\/\/mhf.ro\/mm\/sfantul-ierarh-grigorie-dascalul-mitropolitul-tarii-romanesti\/","og_site_name":"MHF Photography","article_published_time":"2023-06-22T07:12:57+00:00","og_image":[{"width":232,"height":130,"url":"https:\/\/mhf.ro\/mm\/wp-content\/uploads\/2023\/06\/grig.-dascalu.jpg","type":"image\/jpeg"}],"author":"Preot paroh Horvat Petru","twitter_card":"summary_large_image","twitter_misc":{"Scris de":"Preot paroh Horvat Petru","Timp estimat pentru citire":"1 minut"},"schema":{"@context":"https:\/\/schema.org","@graph":[{"@type":"Article","@id":"https:\/\/mhf.ro\/mm\/sfantul-ierarh-grigorie-dascalul-mitropolitul-tarii-romanesti\/#article","isPartOf":{"@id":"https:\/\/mhf.ro\/mm\/sfantul-ierarh-grigorie-dascalul-mitropolitul-tarii-romanesti\/"},"author":{"name":"Preot paroh Horvat Petru","@id":"https:\/\/mhf.ro\/mm\/#\/schema\/person\/4c8c06c801b7b666e81ed44550086900"},"headline":"Sf\u00e2ntul Ierarh Grigorie Dasc\u0103lul, mitropolitul \u021a\u0103rii Rom\u00e2ne\u0219ti","datePublished":"2023-06-22T07:12:57+00:00","mainEntityOfPage":{"@id":"https:\/\/mhf.ro\/mm\/sfantul-ierarh-grigorie-dascalul-mitropolitul-tarii-romanesti\/"},"wordCount":213,"commentCount":0,"publisher":{"@id":"https:\/\/mhf.ro\/mm\/#\/schema\/person\/a3bebf7bdb4bf12f698aff73c7e46c21"},"image":{"@id":"https:\/\/mhf.ro\/mm\/sfantul-ierarh-grigorie-dascalul-mitropolitul-tarii-romanesti\/#primaryimage"},"thumbnailUrl":"https:\/\/mhf.ro\/mm\/wp-content\/uploads\/2023\/06\/grig.-dascalu.jpg","articleSection":["Religie"],"inLanguage":"ro-RO","potentialAction":[{"@type":"CommentAction","name":"Comment","target":["https:\/\/mhf.ro\/mm\/sfantul-ierarh-grigorie-dascalul-mitropolitul-tarii-romanesti\/#respond"]}]},{"@type":"WebPage","@id":"https:\/\/mhf.ro\/mm\/sfantul-ierarh-grigorie-dascalul-mitropolitul-tarii-romanesti\/","url":"https:\/\/mhf.ro\/mm\/sfantul-ierarh-grigorie-dascalul-mitropolitul-tarii-romanesti\/","name":"Sf\u00e2ntul Ierarh Grigorie Dasc\u0103lul, mitropolitul \u021a\u0103rii Rom\u00e2ne\u0219ti - MHF Photography","isPartOf":{"@id":"https:\/\/mhf.ro\/mm\/#website"},"primaryImageOfPage":{"@id":"https:\/\/mhf.ro\/mm\/sfantul-ierarh-grigorie-dascalul-mitropolitul-tarii-romanesti\/#primaryimage"},"image":{"@id":"https:\/\/mhf.ro\/mm\/sfantul-ierarh-grigorie-dascalul-mitropolitul-tarii-romanesti\/#primaryimage"},"thumbnailUrl":"https:\/\/mhf.ro\/mm\/wp-content\/uploads\/2023\/06\/grig.-dascalu.jpg","datePublished":"2023-06-22T07:12:57+00:00","breadcrumb":{"@id":"https:\/\/mhf.ro\/mm\/sfantul-ierarh-grigorie-dascalul-mitropolitul-tarii-romanesti\/#breadcrumb"},"inLanguage":"ro-RO","potentialAction":[{"@type":"ReadAction","target":["https:\/\/mhf.ro\/mm\/sfantul-ierarh-grigorie-dascalul-mitropolitul-tarii-romanesti\/"]}]},{"@type":"ImageObject","inLanguage":"ro-RO","@id":"https:\/\/mhf.ro\/mm\/sfantul-ierarh-grigorie-dascalul-mitropolitul-tarii-romanesti\/#primaryimage","url":"https:\/\/mhf.ro\/mm\/wp-content\/uploads\/2023\/06\/grig.-dascalu.jpg","contentUrl":"https:\/\/mhf.ro\/mm\/wp-content\/uploads\/2023\/06\/grig.-dascalu.jpg","width":232,"height":130},{"@type":"BreadcrumbList","@id":"https:\/\/mhf.ro\/mm\/sfantul-ierarh-grigorie-dascalul-mitropolitul-tarii-romanesti\/#breadcrumb","itemListElement":[{"@type":"ListItem","position":1,"name":"Prima pagin\u0103","item":"https:\/\/mhf.ro\/mm\/"},{"@type":"ListItem","position":2,"name":"Sf\u00e2ntul Ierarh Grigorie Dasc\u0103lul, mitropolitul \u021a\u0103rii Rom\u00e2ne\u0219ti"}]},{"@type":"WebSite","@id":"https:\/\/mhf.ro\/mm\/#website","url":"https:\/\/mhf.ro\/mm\/","name":"MHF Photography \u2013 Blog de fotografie, natur\u0103 \u0219i tehnic\u0103 divers\u0103","description":"Aventur\u0103 \u00een fiecare cadru.","publisher":{"@id":"https:\/\/mhf.ro\/mm\/#\/schema\/person\/a3bebf7bdb4bf12f698aff73c7e46c21"},"potentialAction":[{"@type":"SearchAction","target":{"@type":"EntryPoint","urlTemplate":"https:\/\/mhf.ro\/mm\/?s={search_term_string}"},"query-input":{"@type":"PropertyValueSpecification","valueRequired":true,"valueName":"search_term_string"}}],"inLanguage":"ro-RO"},{"@type":["Person","Organization"],"@id":"https:\/\/mhf.ro\/mm\/#\/schema\/person\/a3bebf7bdb4bf12f698aff73c7e46c21","name":"Marius Marcu","image":{"@type":"ImageObject","inLanguage":"ro-RO","@id":"https:\/\/mhf.ro\/mm\/#\/schema\/person\/image\/","url":"https:\/\/mhf.ro\/mm\/wp-content\/uploads\/2025\/12\/cropped-logo_mhf_2.png","contentUrl":"https:\/\/mhf.ro\/mm\/wp-content\/uploads\/2025\/12\/cropped-logo_mhf_2.png","width":1096,"height":457,"caption":"Marius Marcu"},"logo":{"@id":"https:\/\/mhf.ro\/mm\/#\/schema\/person\/image\/"},"sameAs":["https:\/\/mhf.ro\/mm"]},{"@type":"Person","@id":"https:\/\/mhf.ro\/mm\/#\/schema\/person\/4c8c06c801b7b666e81ed44550086900","name":"Preot paroh Horvat Petru","image":{"@type":"ImageObject","inLanguage":"ro-RO","@id":"https:\/\/mhf.ro\/mm\/#\/schema\/person\/image\/","url":"https:\/\/secure.gravatar.com\/avatar\/c2d2dcdf21c6f41aad486d71768c144cd6e23cb7b63bae9bd6fab542b26ad321?s=96&d=monsterid&r=g","contentUrl":"https:\/\/secure.gravatar.com\/avatar\/c2d2dcdf21c6f41aad486d71768c144cd6e23cb7b63bae9bd6fab542b26ad321?s=96&d=monsterid&r=g","caption":"Preot paroh Horvat Petru"},"sameAs":["https:\/\/mhf.ro\/mm"],"url":"https:\/\/mhf.ro\/mm\/author\/petrica\/"}]}},"_links":{"self":[{"href":"https:\/\/mhf.ro\/mm\/wp-json\/wp\/v2\/posts\/9177","targetHints":{"allow":["GET"]}}],"collection":[{"href":"https:\/\/mhf.ro\/mm\/wp-json\/wp\/v2\/posts"}],"about":[{"href":"https:\/\/mhf.ro\/mm\/wp-json\/wp\/v2\/types\/post"}],"author":[{"embeddable":true,"href":"https:\/\/mhf.ro\/mm\/wp-json\/wp\/v2\/users\/4"}],"replies":[{"embeddable":true,"href":"https:\/\/mhf.ro\/mm\/wp-json\/wp\/v2\/comments?post=9177"}],"version-history":[{"count":1,"href":"https:\/\/mhf.ro\/mm\/wp-json\/wp\/v2\/posts\/9177\/revisions"}],"predecessor-version":[{"id":9179,"href":"https:\/\/mhf.ro\/mm\/wp-json\/wp\/v2\/posts\/9177\/revisions\/9179"}],"wp:featuredmedia":[{"embeddable":true,"href":"https:\/\/mhf.ro\/mm\/wp-json\/wp\/v2\/media\/9178"}],"wp:attachment":[{"href":"https:\/\/mhf.ro\/mm\/wp-json\/wp\/v2\/media?parent=9177"}],"wp:term":[{"taxonomy":"category","embeddable":true,"href":"https:\/\/mhf.ro\/mm\/wp-json\/wp\/v2\/categories?post=9177"},{"taxonomy":"post_tag","embeddable":true,"href":"https:\/\/mhf.ro\/mm\/wp-json\/wp\/v2\/tags?post=9177"}],"curies":[{"name":"wp","href":"https:\/\/api.w.org\/{rel}","templated":true}]}}