{"id":9354,"date":"2023-08-05T10:05:57","date_gmt":"2023-08-05T08:05:57","guid":{"rendered":"https:\/\/mhf.ro\/mm\/?p=9354"},"modified":"2025-12-21T18:50:30","modified_gmt":"2025-12-21T16:50:30","slug":"identitate-crestina","status":"publish","type":"post","link":"https:\/\/mhf.ro\/mm\/identitate-crestina\/","title":{"rendered":"Identitate cre\u0219tin\u0103"},"content":{"rendered":"<h4>Primarul din Metz, Dominique Gros, refuz\u0103 scoat\u0103 carnea de porc din meniul cantinei \u0219colare.<\/h4>\n<p>Primarul din Metz, Dominique Gros, (PS) refuz\u00e2nd s\u0103 scoat\u0103 carnea de porc din meniul cantinei \u0219colare, explic\u0103 de ce.<br \/>\nP\u0103rin\u021bii musulmani au cerut abolirea c\u0103rnii de porc din toate cantinele \u0219colare dintr-o suburbie din Metz Borny. Primarul a refuzat, iar grefierul a trimis tuturor p\u0103rin\u021bilor o not\u0103 cu urm\u0103toarea explica\u021bie&#8230;<br \/>\n\u201eMusulmanii trebuie s\u0103 \u00een\u021beleag\u0103 c\u0103 trebuie s\u0103 se adapteze la Lorena \u0219i Fran\u021ba, la obiceiurile lor, tradi\u021biile, stilul lor de via\u021b\u0103, pentru c\u0103 acolo au ales s\u0103 imigreze.<br \/>\nTrebuie s\u0103 \u00een\u021beleag\u0103 c\u0103 trebuie s\u0103 se integreze \u0219i s\u0103 \u00eenve\u021be s\u0103 tr\u0103iasc\u0103 \u00een Lorena. Ei trebuie s\u0103 \u00een\u021beleag\u0103 c\u0103 depinde de ei s\u0103-\u0219i schimbe stilul de via\u021b\u0103, nu de francezi, care \u00eei primesc at\u00e2t de generos.<br \/>\nTrebuie s\u0103 \u00een\u021beleag\u0103 c\u0103 francezii nu sunt nici rasi\u0219ti, nici xenofobi, au primit o mul\u021bime de imigran\u021bi \u00eenaintea musulmanilor (opusul nu exist\u0103, adic\u0103 statele musulmane nu accept\u0103 imigran\u021bi ne-musulmani).<br \/>\n<strong>Ca \u0219i alte \u021b\u0103ri, locuitorii din Lorena nu au inten\u021bia de a-\u0219i abandona identitatea sau cultura.<\/strong><br \/>\n\u0218i dac\u0103 Fran\u021ba este un \u021binut de bun venit, nu primarul din Metz Dominique Gros (PS) \u00eei \u00eent\u00e2mpin\u0103 pe str\u0103ini, ci francezii Messins \u0219i Lorrains.<br \/>\n\u00cen fine, trebuie s\u0103 \u00een\u021beleag\u0103 c\u0103 \u00een Metz (Lorena) avem r\u0103d\u0103cini iudeo-cre\u0219tine, brazi de Cr\u0103ciun \u0219i s\u0103rb\u0103tori religioase, dar religia trebuie s\u0103 r\u0103m\u00e2n\u0103 \u00een domeniul privat.<br \/>\nMunicipiul Metz, un ora\u0219 regal \u0219i imperial, are dreptate s\u0103 refuze orice concesiune c\u0103tre islam \u0219i sharia.<br \/>\nPentru musulmanii care nu sunt de acord cu secularismul \u0219i nu se simt confortabil \u00een Metz Lorraine, \u021bara Ioanei d\u2019Arc, exist\u0103 57 de \u021b\u0103ri musulmane frumoase \u00een lume, majoritatea subpopulate, gata s\u0103 le primeasc\u0103 cu bra\u021bele halal larg deschise \u0219i \u00een conformitate cu sharia.<br \/>\nDac\u0103 ai p\u0103r\u0103sit \u021bara ta pentru a veni \u00een Fran\u021ba \u0219i nu \u00eentr-o alt\u0103 \u021bar\u0103 musulman\u0103, este pentru c\u0103 crezi c\u0103 via\u021ba este mai bun\u0103 \u00een Lorena dec\u00e2t \u00een alt\u0103 parte. Pune-\u021bi \u00eentrebarea doar o singur\u0103 dat\u0103 &#8211; de ce via\u021ba este mai bun\u0103 \u00een Fran\u021ba dec\u00e2t \u00een \u021bara ta? Dup\u0103 o reflec\u021bie sincer\u0103 \u0219i calm\u0103, vei vedea apoi lumina invad\u00e2ndu-te \u0219i alung\u00e2nd obscurantistul din minte.<br \/>\nO cantin\u0103 unde servim carne de porc \u0219i bot de Lorena sau quiche Lorraine cu o tart\u0103 bun\u0103 de c\u0103p\u0219uni sau prune Mirabelle din Lorena face parte din r\u0103spuns\u201d.<br \/>\nPrimarul are dreptate, toat\u0103 lumea crede, dar &#8230;<\/p>\n","protected":false},"excerpt":{"rendered":"<p>Primarul din Metz, Dominique Gros, refuz\u0103 scoat\u0103 carnea de porc din meniul cantinei \u0219colare. Primarul din Metz, Dominique Gros, (PS)<\/p>\n","protected":false},"author":4,"featured_media":9012,"comment_status":"open","ping_status":"open","sticky":false,"template":"","format":"standard","meta":{"colormag_page_container_layout":"default_layout","colormag_page_sidebar_layout":"default_layout","footnotes":""},"categories":[34],"tags":[],"class_list":["post-9354","post","type-post","status-publish","format-standard","has-post-thumbnail","hentry","category-religie"],"yoast_head":"<!-- This site is optimized with the Yoast SEO plugin v27.0 - https:\/\/yoast.com\/product\/yoast-seo-wordpress\/ -->\n<title>Identitate cre\u0219tin\u0103 - MHF Photography<\/title>\n<meta name=\"description\" content=\"Primarul din Metz, Dominique Gros, (PS) refuz\u00e2nd s\u0103 scoat\u0103 carnea de porc din meniul cantinei \u0219colare, explic\u0103 de ce.\" \/>\n<meta name=\"robots\" content=\"index, follow, max-snippet:-1, max-image-preview:large, max-video-preview:-1\" \/>\n<link rel=\"canonical\" href=\"https:\/\/mhf.ro\/mm\/identitate-crestina\/\" \/>\n<meta property=\"og:locale\" content=\"ro_RO\" \/>\n<meta property=\"og:type\" content=\"article\" \/>\n<meta property=\"og:title\" content=\"Identitate cre\u0219tin\u0103 - MHF Photography\" \/>\n<meta property=\"og:description\" content=\"Primarul din Metz, Dominique Gros, (PS) refuz\u00e2nd s\u0103 scoat\u0103 carnea de porc din meniul cantinei \u0219colare, explic\u0103 de ce.\" \/>\n<meta property=\"og:url\" content=\"https:\/\/mhf.ro\/mm\/identitate-crestina\/\" \/>\n<meta property=\"og:site_name\" content=\"MHF Photography\" \/>\n<meta property=\"article:published_time\" content=\"2023-08-05T08:05:57+00:00\" \/>\n<meta property=\"article:modified_time\" content=\"2025-12-21T16:50:30+00:00\" \/>\n<meta property=\"og:image\" content=\"https:\/\/mhf.ro\/mm\/wp-content\/uploads\/2023\/04\/om_sarac.jpg\" \/>\n\t<meta property=\"og:image:width\" content=\"1280\" \/>\n\t<meta property=\"og:image:height\" content=\"853\" \/>\n\t<meta property=\"og:image:type\" content=\"image\/jpeg\" \/>\n<meta name=\"author\" content=\"Preot paroh Horvat Petru\" \/>\n<meta name=\"twitter:card\" content=\"summary_large_image\" \/>\n<meta name=\"twitter:label1\" content=\"Scris de\" \/>\n\t<meta name=\"twitter:data1\" content=\"Preot paroh Horvat Petru\" \/>\n\t<meta name=\"twitter:label2\" content=\"Timp estimat pentru citire\" \/>\n\t<meta name=\"twitter:data2\" content=\"3 minute\" \/>\n<script type=\"application\/ld+json\" class=\"yoast-schema-graph\">{\"@context\":\"https:\/\/schema.org\",\"@graph\":[{\"@type\":\"Article\",\"@id\":\"https:\/\/mhf.ro\/mm\/identitate-crestina\/#article\",\"isPartOf\":{\"@id\":\"https:\/\/mhf.ro\/mm\/identitate-crestina\/\"},\"author\":{\"name\":\"Preot paroh Horvat Petru\",\"@id\":\"https:\/\/mhf.ro\/mm\/#\/schema\/person\/4c8c06c801b7b666e81ed44550086900\"},\"headline\":\"Identitate cre\u0219tin\u0103\",\"datePublished\":\"2023-08-05T08:05:57+00:00\",\"dateModified\":\"2025-12-21T16:50:30+00:00\",\"mainEntityOfPage\":{\"@id\":\"https:\/\/mhf.ro\/mm\/identitate-crestina\/\"},\"wordCount\":445,\"commentCount\":0,\"publisher\":{\"@id\":\"https:\/\/mhf.ro\/mm\/#\/schema\/person\/a3bebf7bdb4bf12f698aff73c7e46c21\"},\"image\":{\"@id\":\"https:\/\/mhf.ro\/mm\/identitate-crestina\/#primaryimage\"},\"thumbnailUrl\":\"https:\/\/mhf.ro\/mm\/wp-content\/uploads\/2023\/04\/om_sarac.jpg\",\"articleSection\":[\"Religie\"],\"inLanguage\":\"ro-RO\",\"potentialAction\":[{\"@type\":\"CommentAction\",\"name\":\"Comment\",\"target\":[\"https:\/\/mhf.ro\/mm\/identitate-crestina\/#respond\"]}]},{\"@type\":\"WebPage\",\"@id\":\"https:\/\/mhf.ro\/mm\/identitate-crestina\/\",\"url\":\"https:\/\/mhf.ro\/mm\/identitate-crestina\/\",\"name\":\"Identitate cre\u0219tin\u0103 - MHF Photography\",\"isPartOf\":{\"@id\":\"https:\/\/mhf.ro\/mm\/#website\"},\"primaryImageOfPage\":{\"@id\":\"https:\/\/mhf.ro\/mm\/identitate-crestina\/#primaryimage\"},\"image\":{\"@id\":\"https:\/\/mhf.ro\/mm\/identitate-crestina\/#primaryimage\"},\"thumbnailUrl\":\"https:\/\/mhf.ro\/mm\/wp-content\/uploads\/2023\/04\/om_sarac.jpg\",\"datePublished\":\"2023-08-05T08:05:57+00:00\",\"dateModified\":\"2025-12-21T16:50:30+00:00\",\"description\":\"Primarul din Metz, Dominique Gros, (PS) refuz\u00e2nd s\u0103 scoat\u0103 carnea de porc din meniul cantinei \u0219colare, explic\u0103 de ce.\",\"breadcrumb\":{\"@id\":\"https:\/\/mhf.ro\/mm\/identitate-crestina\/#breadcrumb\"},\"inLanguage\":\"ro-RO\",\"potentialAction\":[{\"@type\":\"ReadAction\",\"target\":[\"https:\/\/mhf.ro\/mm\/identitate-crestina\/\"]}]},{\"@type\":\"ImageObject\",\"inLanguage\":\"ro-RO\",\"@id\":\"https:\/\/mhf.ro\/mm\/identitate-crestina\/#primaryimage\",\"url\":\"https:\/\/mhf.ro\/mm\/wp-content\/uploads\/2023\/04\/om_sarac.jpg\",\"contentUrl\":\"https:\/\/mhf.ro\/mm\/wp-content\/uploads\/2023\/04\/om_sarac.jpg\",\"width\":1280,\"height\":853},{\"@type\":\"BreadcrumbList\",\"@id\":\"https:\/\/mhf.ro\/mm\/identitate-crestina\/#breadcrumb\",\"itemListElement\":[{\"@type\":\"ListItem\",\"position\":1,\"name\":\"Prima pagin\u0103\",\"item\":\"https:\/\/mhf.ro\/mm\/\"},{\"@type\":\"ListItem\",\"position\":2,\"name\":\"Identitate cre\u0219tin\u0103\"}]},{\"@type\":\"WebSite\",\"@id\":\"https:\/\/mhf.ro\/mm\/#website\",\"url\":\"https:\/\/mhf.ro\/mm\/\",\"name\":\"MHF Photography \u2013 Blog de fotografie, natur\u0103 \u0219i tehnic\u0103 divers\u0103\",\"description\":\"Aventur\u0103 \u00een fiecare cadru.\",\"publisher\":{\"@id\":\"https:\/\/mhf.ro\/mm\/#\/schema\/person\/a3bebf7bdb4bf12f698aff73c7e46c21\"},\"potentialAction\":[{\"@type\":\"SearchAction\",\"target\":{\"@type\":\"EntryPoint\",\"urlTemplate\":\"https:\/\/mhf.ro\/mm\/?s={search_term_string}\"},\"query-input\":{\"@type\":\"PropertyValueSpecification\",\"valueRequired\":true,\"valueName\":\"search_term_string\"}}],\"inLanguage\":\"ro-RO\"},{\"@type\":[\"Person\",\"Organization\"],\"@id\":\"https:\/\/mhf.ro\/mm\/#\/schema\/person\/a3bebf7bdb4bf12f698aff73c7e46c21\",\"name\":\"Marius Marcu\",\"image\":{\"@type\":\"ImageObject\",\"inLanguage\":\"ro-RO\",\"@id\":\"https:\/\/mhf.ro\/mm\/#\/schema\/person\/image\/\",\"url\":\"https:\/\/mhf.ro\/mm\/wp-content\/uploads\/2025\/12\/cropped-logo_mhf_2.png\",\"contentUrl\":\"https:\/\/mhf.ro\/mm\/wp-content\/uploads\/2025\/12\/cropped-logo_mhf_2.png\",\"width\":1096,\"height\":457,\"caption\":\"Marius Marcu\"},\"logo\":{\"@id\":\"https:\/\/mhf.ro\/mm\/#\/schema\/person\/image\/\"},\"sameAs\":[\"https:\/\/mhf.ro\/mm\"]},{\"@type\":\"Person\",\"@id\":\"https:\/\/mhf.ro\/mm\/#\/schema\/person\/4c8c06c801b7b666e81ed44550086900\",\"name\":\"Preot paroh Horvat Petru\",\"image\":{\"@type\":\"ImageObject\",\"inLanguage\":\"ro-RO\",\"@id\":\"https:\/\/mhf.ro\/mm\/#\/schema\/person\/image\/\",\"url\":\"https:\/\/secure.gravatar.com\/avatar\/c2d2dcdf21c6f41aad486d71768c144cd6e23cb7b63bae9bd6fab542b26ad321?s=96&d=monsterid&r=g\",\"contentUrl\":\"https:\/\/secure.gravatar.com\/avatar\/c2d2dcdf21c6f41aad486d71768c144cd6e23cb7b63bae9bd6fab542b26ad321?s=96&d=monsterid&r=g\",\"caption\":\"Preot paroh Horvat Petru\"},\"sameAs\":[\"https:\/\/mhf.ro\/mm\"],\"url\":\"https:\/\/mhf.ro\/mm\/author\/petrica\/\"}]}<\/script>\n<!-- \/ Yoast SEO plugin. -->","yoast_head_json":{"title":"Identitate cre\u0219tin\u0103 - MHF Photography","description":"Primarul din Metz, Dominique Gros, (PS) refuz\u00e2nd s\u0103 scoat\u0103 carnea de porc din meniul cantinei \u0219colare, explic\u0103 de ce.","robots":{"index":"index","follow":"follow","max-snippet":"max-snippet:-1","max-image-preview":"max-image-preview:large","max-video-preview":"max-video-preview:-1"},"canonical":"https:\/\/mhf.ro\/mm\/identitate-crestina\/","og_locale":"ro_RO","og_type":"article","og_title":"Identitate cre\u0219tin\u0103 - MHF Photography","og_description":"Primarul din Metz, Dominique Gros, (PS) refuz\u00e2nd s\u0103 scoat\u0103 carnea de porc din meniul cantinei \u0219colare, explic\u0103 de ce.","og_url":"https:\/\/mhf.ro\/mm\/identitate-crestina\/","og_site_name":"MHF Photography","article_published_time":"2023-08-05T08:05:57+00:00","article_modified_time":"2025-12-21T16:50:30+00:00","og_image":[{"width":1280,"height":853,"url":"https:\/\/mhf.ro\/mm\/wp-content\/uploads\/2023\/04\/om_sarac.jpg","type":"image\/jpeg"}],"author":"Preot paroh Horvat Petru","twitter_card":"summary_large_image","twitter_misc":{"Scris de":"Preot paroh Horvat Petru","Timp estimat pentru citire":"3 minute"},"schema":{"@context":"https:\/\/schema.org","@graph":[{"@type":"Article","@id":"https:\/\/mhf.ro\/mm\/identitate-crestina\/#article","isPartOf":{"@id":"https:\/\/mhf.ro\/mm\/identitate-crestina\/"},"author":{"name":"Preot paroh Horvat Petru","@id":"https:\/\/mhf.ro\/mm\/#\/schema\/person\/4c8c06c801b7b666e81ed44550086900"},"headline":"Identitate cre\u0219tin\u0103","datePublished":"2023-08-05T08:05:57+00:00","dateModified":"2025-12-21T16:50:30+00:00","mainEntityOfPage":{"@id":"https:\/\/mhf.ro\/mm\/identitate-crestina\/"},"wordCount":445,"commentCount":0,"publisher":{"@id":"https:\/\/mhf.ro\/mm\/#\/schema\/person\/a3bebf7bdb4bf12f698aff73c7e46c21"},"image":{"@id":"https:\/\/mhf.ro\/mm\/identitate-crestina\/#primaryimage"},"thumbnailUrl":"https:\/\/mhf.ro\/mm\/wp-content\/uploads\/2023\/04\/om_sarac.jpg","articleSection":["Religie"],"inLanguage":"ro-RO","potentialAction":[{"@type":"CommentAction","name":"Comment","target":["https:\/\/mhf.ro\/mm\/identitate-crestina\/#respond"]}]},{"@type":"WebPage","@id":"https:\/\/mhf.ro\/mm\/identitate-crestina\/","url":"https:\/\/mhf.ro\/mm\/identitate-crestina\/","name":"Identitate cre\u0219tin\u0103 - MHF Photography","isPartOf":{"@id":"https:\/\/mhf.ro\/mm\/#website"},"primaryImageOfPage":{"@id":"https:\/\/mhf.ro\/mm\/identitate-crestina\/#primaryimage"},"image":{"@id":"https:\/\/mhf.ro\/mm\/identitate-crestina\/#primaryimage"},"thumbnailUrl":"https:\/\/mhf.ro\/mm\/wp-content\/uploads\/2023\/04\/om_sarac.jpg","datePublished":"2023-08-05T08:05:57+00:00","dateModified":"2025-12-21T16:50:30+00:00","description":"Primarul din Metz, Dominique Gros, (PS) refuz\u00e2nd s\u0103 scoat\u0103 carnea de porc din meniul cantinei \u0219colare, explic\u0103 de ce.","breadcrumb":{"@id":"https:\/\/mhf.ro\/mm\/identitate-crestina\/#breadcrumb"},"inLanguage":"ro-RO","potentialAction":[{"@type":"ReadAction","target":["https:\/\/mhf.ro\/mm\/identitate-crestina\/"]}]},{"@type":"ImageObject","inLanguage":"ro-RO","@id":"https:\/\/mhf.ro\/mm\/identitate-crestina\/#primaryimage","url":"https:\/\/mhf.ro\/mm\/wp-content\/uploads\/2023\/04\/om_sarac.jpg","contentUrl":"https:\/\/mhf.ro\/mm\/wp-content\/uploads\/2023\/04\/om_sarac.jpg","width":1280,"height":853},{"@type":"BreadcrumbList","@id":"https:\/\/mhf.ro\/mm\/identitate-crestina\/#breadcrumb","itemListElement":[{"@type":"ListItem","position":1,"name":"Prima pagin\u0103","item":"https:\/\/mhf.ro\/mm\/"},{"@type":"ListItem","position":2,"name":"Identitate cre\u0219tin\u0103"}]},{"@type":"WebSite","@id":"https:\/\/mhf.ro\/mm\/#website","url":"https:\/\/mhf.ro\/mm\/","name":"MHF Photography \u2013 Blog de fotografie, natur\u0103 \u0219i tehnic\u0103 divers\u0103","description":"Aventur\u0103 \u00een fiecare cadru.","publisher":{"@id":"https:\/\/mhf.ro\/mm\/#\/schema\/person\/a3bebf7bdb4bf12f698aff73c7e46c21"},"potentialAction":[{"@type":"SearchAction","target":{"@type":"EntryPoint","urlTemplate":"https:\/\/mhf.ro\/mm\/?s={search_term_string}"},"query-input":{"@type":"PropertyValueSpecification","valueRequired":true,"valueName":"search_term_string"}}],"inLanguage":"ro-RO"},{"@type":["Person","Organization"],"@id":"https:\/\/mhf.ro\/mm\/#\/schema\/person\/a3bebf7bdb4bf12f698aff73c7e46c21","name":"Marius Marcu","image":{"@type":"ImageObject","inLanguage":"ro-RO","@id":"https:\/\/mhf.ro\/mm\/#\/schema\/person\/image\/","url":"https:\/\/mhf.ro\/mm\/wp-content\/uploads\/2025\/12\/cropped-logo_mhf_2.png","contentUrl":"https:\/\/mhf.ro\/mm\/wp-content\/uploads\/2025\/12\/cropped-logo_mhf_2.png","width":1096,"height":457,"caption":"Marius Marcu"},"logo":{"@id":"https:\/\/mhf.ro\/mm\/#\/schema\/person\/image\/"},"sameAs":["https:\/\/mhf.ro\/mm"]},{"@type":"Person","@id":"https:\/\/mhf.ro\/mm\/#\/schema\/person\/4c8c06c801b7b666e81ed44550086900","name":"Preot paroh Horvat Petru","image":{"@type":"ImageObject","inLanguage":"ro-RO","@id":"https:\/\/mhf.ro\/mm\/#\/schema\/person\/image\/","url":"https:\/\/secure.gravatar.com\/avatar\/c2d2dcdf21c6f41aad486d71768c144cd6e23cb7b63bae9bd6fab542b26ad321?s=96&d=monsterid&r=g","contentUrl":"https:\/\/secure.gravatar.com\/avatar\/c2d2dcdf21c6f41aad486d71768c144cd6e23cb7b63bae9bd6fab542b26ad321?s=96&d=monsterid&r=g","caption":"Preot paroh Horvat Petru"},"sameAs":["https:\/\/mhf.ro\/mm"],"url":"https:\/\/mhf.ro\/mm\/author\/petrica\/"}]}},"_links":{"self":[{"href":"https:\/\/mhf.ro\/mm\/wp-json\/wp\/v2\/posts\/9354","targetHints":{"allow":["GET"]}}],"collection":[{"href":"https:\/\/mhf.ro\/mm\/wp-json\/wp\/v2\/posts"}],"about":[{"href":"https:\/\/mhf.ro\/mm\/wp-json\/wp\/v2\/types\/post"}],"author":[{"embeddable":true,"href":"https:\/\/mhf.ro\/mm\/wp-json\/wp\/v2\/users\/4"}],"replies":[{"embeddable":true,"href":"https:\/\/mhf.ro\/mm\/wp-json\/wp\/v2\/comments?post=9354"}],"version-history":[{"count":3,"href":"https:\/\/mhf.ro\/mm\/wp-json\/wp\/v2\/posts\/9354\/revisions"}],"predecessor-version":[{"id":10015,"href":"https:\/\/mhf.ro\/mm\/wp-json\/wp\/v2\/posts\/9354\/revisions\/10015"}],"wp:featuredmedia":[{"embeddable":true,"href":"https:\/\/mhf.ro\/mm\/wp-json\/wp\/v2\/media\/9012"}],"wp:attachment":[{"href":"https:\/\/mhf.ro\/mm\/wp-json\/wp\/v2\/media?parent=9354"}],"wp:term":[{"taxonomy":"category","embeddable":true,"href":"https:\/\/mhf.ro\/mm\/wp-json\/wp\/v2\/categories?post=9354"},{"taxonomy":"post_tag","embeddable":true,"href":"https:\/\/mhf.ro\/mm\/wp-json\/wp\/v2\/tags?post=9354"}],"curies":[{"name":"wp","href":"https:\/\/api.w.org\/{rel}","templated":true}]}}