{"id":9378,"date":"2023-08-14T07:48:10","date_gmt":"2023-08-14T05:48:10","guid":{"rendered":"https:\/\/mhf.ro\/mm\/?p=9378"},"modified":"2023-08-14T08:21:45","modified_gmt":"2023-08-14T06:21:45","slug":"adormirea-maicii-domnului","status":"publish","type":"post","link":"https:\/\/mhf.ro\/mm\/adormirea-maicii-domnului\/","title":{"rendered":"Adormirea Maicii Domnului"},"content":{"rendered":"<p>\u00cen a\u0219teptarea s\u0103rb\u0103torii postim 15 zile.<\/p>\n<p>Adormirea Maicii Domnului o pr\u0103znuim \u00een fiecare an la 15 august. Ca \u0219i Fiul ei, dup\u0103 mutarea de la p\u0103m\u00e2nt la cer, Maica Domnului nu a \u00eencetat s\u0103 fie \u00een comuniune cu cei ce o cheam\u0103 \u00een ajutor.<\/p>\n<p>Troparul s\u0103rb\u0103torii este c\u00e2t se poate de sugestiv:<\/p>\n<p>\u00centru na\u015ftere Fecioria ai p\u0103zit, \u00eentru Adormire lumea nu ai p\u0103r\u0103sit, de Dumnezeu N\u0103sc\u0103toare; mutatu-te-ai la Via\u0163\u0103, fiind Maica Vie\u0163ii \u015fi cu rug\u0103ciunile tale, izb\u0103ve\u015fti din moarte sufletele noastre.<\/p>\n","protected":false},"excerpt":{"rendered":"<p>\u00cen a\u0219teptarea s\u0103rb\u0103torii postim 15 zile. Adormirea Maicii Domnului o pr\u0103znuim \u00een fiecare an la 15 august. Ca \u0219i Fiul<\/p>\n","protected":false},"author":4,"featured_media":9379,"comment_status":"open","ping_status":"open","sticky":false,"template":"","format":"standard","meta":{"colormag_page_container_layout":"default_layout","colormag_page_sidebar_layout":"default_layout","footnotes":""},"categories":[34],"tags":[],"class_list":["post-9378","post","type-post","status-publish","format-standard","has-post-thumbnail","hentry","category-religie"],"yoast_head":"<!-- This site is optimized with the Yoast SEO plugin v27.0 - https:\/\/yoast.com\/product\/yoast-seo-wordpress\/ -->\n<title>Adormirea Maicii Domnului - MHF Photography<\/title>\n<meta name=\"robots\" content=\"index, follow, max-snippet:-1, max-image-preview:large, max-video-preview:-1\" \/>\n<link rel=\"canonical\" href=\"https:\/\/mhf.ro\/mm\/adormirea-maicii-domnului\/\" \/>\n<meta property=\"og:locale\" content=\"ro_RO\" \/>\n<meta property=\"og:type\" content=\"article\" \/>\n<meta property=\"og:title\" content=\"Adormirea Maicii Domnului - MHF Photography\" \/>\n<meta property=\"og:description\" content=\"\u00cen a\u0219teptarea s\u0103rb\u0103torii postim 15 zile. Adormirea Maicii Domnului o pr\u0103znuim \u00een fiecare an la 15 august. Ca \u0219i Fiul\" \/>\n<meta property=\"og:url\" content=\"https:\/\/mhf.ro\/mm\/adormirea-maicii-domnului\/\" \/>\n<meta property=\"og:site_name\" content=\"MHF Photography\" \/>\n<meta property=\"article:published_time\" content=\"2023-08-14T05:48:10+00:00\" \/>\n<meta property=\"article:modified_time\" content=\"2023-08-14T06:21:45+00:00\" \/>\n<meta property=\"og:image\" content=\"https:\/\/mhf.ro\/mm\/wp-content\/uploads\/2023\/08\/M-Dlui.jpg\" \/>\n\t<meta property=\"og:image:width\" content=\"480\" \/>\n\t<meta property=\"og:image:height\" content=\"634\" \/>\n\t<meta property=\"og:image:type\" content=\"image\/jpeg\" \/>\n<meta name=\"author\" content=\"Preot paroh Horvat Petru\" \/>\n<meta name=\"twitter:card\" content=\"summary_large_image\" \/>\n<meta name=\"twitter:label1\" content=\"Scris de\" \/>\n\t<meta name=\"twitter:data1\" content=\"Preot paroh Horvat Petru\" \/>\n\t<meta name=\"twitter:label2\" content=\"Timp estimat pentru citire\" \/>\n\t<meta name=\"twitter:data2\" content=\"1 minut\" \/>\n<script type=\"application\/ld+json\" class=\"yoast-schema-graph\">{\"@context\":\"https:\/\/schema.org\",\"@graph\":[{\"@type\":\"Article\",\"@id\":\"https:\/\/mhf.ro\/mm\/adormirea-maicii-domnului\/#article\",\"isPartOf\":{\"@id\":\"https:\/\/mhf.ro\/mm\/adormirea-maicii-domnului\/\"},\"author\":{\"name\":\"Preot paroh Horvat Petru\",\"@id\":\"https:\/\/mhf.ro\/mm\/#\/schema\/person\/4c8c06c801b7b666e81ed44550086900\"},\"headline\":\"Adormirea Maicii Domnului\",\"datePublished\":\"2023-08-14T05:48:10+00:00\",\"dateModified\":\"2023-08-14T06:21:45+00:00\",\"mainEntityOfPage\":{\"@id\":\"https:\/\/mhf.ro\/mm\/adormirea-maicii-domnului\/\"},\"wordCount\":101,\"commentCount\":0,\"publisher\":{\"@id\":\"https:\/\/mhf.ro\/mm\/#\/schema\/person\/a3bebf7bdb4bf12f698aff73c7e46c21\"},\"image\":{\"@id\":\"https:\/\/mhf.ro\/mm\/adormirea-maicii-domnului\/#primaryimage\"},\"thumbnailUrl\":\"https:\/\/mhf.ro\/mm\/wp-content\/uploads\/2023\/08\/M-Dlui.jpg\",\"articleSection\":[\"Religie\"],\"inLanguage\":\"ro-RO\",\"potentialAction\":[{\"@type\":\"CommentAction\",\"name\":\"Comment\",\"target\":[\"https:\/\/mhf.ro\/mm\/adormirea-maicii-domnului\/#respond\"]}]},{\"@type\":\"WebPage\",\"@id\":\"https:\/\/mhf.ro\/mm\/adormirea-maicii-domnului\/\",\"url\":\"https:\/\/mhf.ro\/mm\/adormirea-maicii-domnului\/\",\"name\":\"Adormirea Maicii Domnului - MHF Photography\",\"isPartOf\":{\"@id\":\"https:\/\/mhf.ro\/mm\/#website\"},\"primaryImageOfPage\":{\"@id\":\"https:\/\/mhf.ro\/mm\/adormirea-maicii-domnului\/#primaryimage\"},\"image\":{\"@id\":\"https:\/\/mhf.ro\/mm\/adormirea-maicii-domnului\/#primaryimage\"},\"thumbnailUrl\":\"https:\/\/mhf.ro\/mm\/wp-content\/uploads\/2023\/08\/M-Dlui.jpg\",\"datePublished\":\"2023-08-14T05:48:10+00:00\",\"dateModified\":\"2023-08-14T06:21:45+00:00\",\"breadcrumb\":{\"@id\":\"https:\/\/mhf.ro\/mm\/adormirea-maicii-domnului\/#breadcrumb\"},\"inLanguage\":\"ro-RO\",\"potentialAction\":[{\"@type\":\"ReadAction\",\"target\":[\"https:\/\/mhf.ro\/mm\/adormirea-maicii-domnului\/\"]}]},{\"@type\":\"ImageObject\",\"inLanguage\":\"ro-RO\",\"@id\":\"https:\/\/mhf.ro\/mm\/adormirea-maicii-domnului\/#primaryimage\",\"url\":\"https:\/\/mhf.ro\/mm\/wp-content\/uploads\/2023\/08\/M-Dlui.jpg\",\"contentUrl\":\"https:\/\/mhf.ro\/mm\/wp-content\/uploads\/2023\/08\/M-Dlui.jpg\",\"width\":480,\"height\":634},{\"@type\":\"BreadcrumbList\",\"@id\":\"https:\/\/mhf.ro\/mm\/adormirea-maicii-domnului\/#breadcrumb\",\"itemListElement\":[{\"@type\":\"ListItem\",\"position\":1,\"name\":\"Prima pagin\u0103\",\"item\":\"https:\/\/mhf.ro\/mm\/\"},{\"@type\":\"ListItem\",\"position\":2,\"name\":\"Adormirea Maicii Domnului\"}]},{\"@type\":\"WebSite\",\"@id\":\"https:\/\/mhf.ro\/mm\/#website\",\"url\":\"https:\/\/mhf.ro\/mm\/\",\"name\":\"MHF Photography \u2013 Blog de fotografie, natur\u0103 \u0219i tehnic\u0103 divers\u0103\",\"description\":\"Aventur\u0103 \u00een fiecare cadru.\",\"publisher\":{\"@id\":\"https:\/\/mhf.ro\/mm\/#\/schema\/person\/a3bebf7bdb4bf12f698aff73c7e46c21\"},\"potentialAction\":[{\"@type\":\"SearchAction\",\"target\":{\"@type\":\"EntryPoint\",\"urlTemplate\":\"https:\/\/mhf.ro\/mm\/?s={search_term_string}\"},\"query-input\":{\"@type\":\"PropertyValueSpecification\",\"valueRequired\":true,\"valueName\":\"search_term_string\"}}],\"inLanguage\":\"ro-RO\"},{\"@type\":[\"Person\",\"Organization\"],\"@id\":\"https:\/\/mhf.ro\/mm\/#\/schema\/person\/a3bebf7bdb4bf12f698aff73c7e46c21\",\"name\":\"Marius Marcu\",\"image\":{\"@type\":\"ImageObject\",\"inLanguage\":\"ro-RO\",\"@id\":\"https:\/\/mhf.ro\/mm\/#\/schema\/person\/image\/\",\"url\":\"https:\/\/mhf.ro\/mm\/wp-content\/uploads\/2025\/12\/cropped-logo_mhf_2.png\",\"contentUrl\":\"https:\/\/mhf.ro\/mm\/wp-content\/uploads\/2025\/12\/cropped-logo_mhf_2.png\",\"width\":1096,\"height\":457,\"caption\":\"Marius Marcu\"},\"logo\":{\"@id\":\"https:\/\/mhf.ro\/mm\/#\/schema\/person\/image\/\"},\"sameAs\":[\"https:\/\/mhf.ro\/mm\"]},{\"@type\":\"Person\",\"@id\":\"https:\/\/mhf.ro\/mm\/#\/schema\/person\/4c8c06c801b7b666e81ed44550086900\",\"name\":\"Preot paroh Horvat Petru\",\"image\":{\"@type\":\"ImageObject\",\"inLanguage\":\"ro-RO\",\"@id\":\"https:\/\/mhf.ro\/mm\/#\/schema\/person\/image\/\",\"url\":\"https:\/\/secure.gravatar.com\/avatar\/c2d2dcdf21c6f41aad486d71768c144cd6e23cb7b63bae9bd6fab542b26ad321?s=96&d=monsterid&r=g\",\"contentUrl\":\"https:\/\/secure.gravatar.com\/avatar\/c2d2dcdf21c6f41aad486d71768c144cd6e23cb7b63bae9bd6fab542b26ad321?s=96&d=monsterid&r=g\",\"caption\":\"Preot paroh Horvat Petru\"},\"sameAs\":[\"https:\/\/mhf.ro\/mm\"],\"url\":\"https:\/\/mhf.ro\/mm\/author\/petrica\/\"}]}<\/script>\n<!-- \/ Yoast SEO plugin. -->","yoast_head_json":{"title":"Adormirea Maicii Domnului - MHF Photography","robots":{"index":"index","follow":"follow","max-snippet":"max-snippet:-1","max-image-preview":"max-image-preview:large","max-video-preview":"max-video-preview:-1"},"canonical":"https:\/\/mhf.ro\/mm\/adormirea-maicii-domnului\/","og_locale":"ro_RO","og_type":"article","og_title":"Adormirea Maicii Domnului - MHF Photography","og_description":"\u00cen a\u0219teptarea s\u0103rb\u0103torii postim 15 zile. Adormirea Maicii Domnului o pr\u0103znuim \u00een fiecare an la 15 august. Ca \u0219i Fiul","og_url":"https:\/\/mhf.ro\/mm\/adormirea-maicii-domnului\/","og_site_name":"MHF Photography","article_published_time":"2023-08-14T05:48:10+00:00","article_modified_time":"2023-08-14T06:21:45+00:00","og_image":[{"width":480,"height":634,"url":"https:\/\/mhf.ro\/mm\/wp-content\/uploads\/2023\/08\/M-Dlui.jpg","type":"image\/jpeg"}],"author":"Preot paroh Horvat Petru","twitter_card":"summary_large_image","twitter_misc":{"Scris de":"Preot paroh Horvat Petru","Timp estimat pentru citire":"1 minut"},"schema":{"@context":"https:\/\/schema.org","@graph":[{"@type":"Article","@id":"https:\/\/mhf.ro\/mm\/adormirea-maicii-domnului\/#article","isPartOf":{"@id":"https:\/\/mhf.ro\/mm\/adormirea-maicii-domnului\/"},"author":{"name":"Preot paroh Horvat Petru","@id":"https:\/\/mhf.ro\/mm\/#\/schema\/person\/4c8c06c801b7b666e81ed44550086900"},"headline":"Adormirea Maicii Domnului","datePublished":"2023-08-14T05:48:10+00:00","dateModified":"2023-08-14T06:21:45+00:00","mainEntityOfPage":{"@id":"https:\/\/mhf.ro\/mm\/adormirea-maicii-domnului\/"},"wordCount":101,"commentCount":0,"publisher":{"@id":"https:\/\/mhf.ro\/mm\/#\/schema\/person\/a3bebf7bdb4bf12f698aff73c7e46c21"},"image":{"@id":"https:\/\/mhf.ro\/mm\/adormirea-maicii-domnului\/#primaryimage"},"thumbnailUrl":"https:\/\/mhf.ro\/mm\/wp-content\/uploads\/2023\/08\/M-Dlui.jpg","articleSection":["Religie"],"inLanguage":"ro-RO","potentialAction":[{"@type":"CommentAction","name":"Comment","target":["https:\/\/mhf.ro\/mm\/adormirea-maicii-domnului\/#respond"]}]},{"@type":"WebPage","@id":"https:\/\/mhf.ro\/mm\/adormirea-maicii-domnului\/","url":"https:\/\/mhf.ro\/mm\/adormirea-maicii-domnului\/","name":"Adormirea Maicii Domnului - MHF Photography","isPartOf":{"@id":"https:\/\/mhf.ro\/mm\/#website"},"primaryImageOfPage":{"@id":"https:\/\/mhf.ro\/mm\/adormirea-maicii-domnului\/#primaryimage"},"image":{"@id":"https:\/\/mhf.ro\/mm\/adormirea-maicii-domnului\/#primaryimage"},"thumbnailUrl":"https:\/\/mhf.ro\/mm\/wp-content\/uploads\/2023\/08\/M-Dlui.jpg","datePublished":"2023-08-14T05:48:10+00:00","dateModified":"2023-08-14T06:21:45+00:00","breadcrumb":{"@id":"https:\/\/mhf.ro\/mm\/adormirea-maicii-domnului\/#breadcrumb"},"inLanguage":"ro-RO","potentialAction":[{"@type":"ReadAction","target":["https:\/\/mhf.ro\/mm\/adormirea-maicii-domnului\/"]}]},{"@type":"ImageObject","inLanguage":"ro-RO","@id":"https:\/\/mhf.ro\/mm\/adormirea-maicii-domnului\/#primaryimage","url":"https:\/\/mhf.ro\/mm\/wp-content\/uploads\/2023\/08\/M-Dlui.jpg","contentUrl":"https:\/\/mhf.ro\/mm\/wp-content\/uploads\/2023\/08\/M-Dlui.jpg","width":480,"height":634},{"@type":"BreadcrumbList","@id":"https:\/\/mhf.ro\/mm\/adormirea-maicii-domnului\/#breadcrumb","itemListElement":[{"@type":"ListItem","position":1,"name":"Prima pagin\u0103","item":"https:\/\/mhf.ro\/mm\/"},{"@type":"ListItem","position":2,"name":"Adormirea Maicii Domnului"}]},{"@type":"WebSite","@id":"https:\/\/mhf.ro\/mm\/#website","url":"https:\/\/mhf.ro\/mm\/","name":"MHF Photography \u2013 Blog de fotografie, natur\u0103 \u0219i tehnic\u0103 divers\u0103","description":"Aventur\u0103 \u00een fiecare cadru.","publisher":{"@id":"https:\/\/mhf.ro\/mm\/#\/schema\/person\/a3bebf7bdb4bf12f698aff73c7e46c21"},"potentialAction":[{"@type":"SearchAction","target":{"@type":"EntryPoint","urlTemplate":"https:\/\/mhf.ro\/mm\/?s={search_term_string}"},"query-input":{"@type":"PropertyValueSpecification","valueRequired":true,"valueName":"search_term_string"}}],"inLanguage":"ro-RO"},{"@type":["Person","Organization"],"@id":"https:\/\/mhf.ro\/mm\/#\/schema\/person\/a3bebf7bdb4bf12f698aff73c7e46c21","name":"Marius Marcu","image":{"@type":"ImageObject","inLanguage":"ro-RO","@id":"https:\/\/mhf.ro\/mm\/#\/schema\/person\/image\/","url":"https:\/\/mhf.ro\/mm\/wp-content\/uploads\/2025\/12\/cropped-logo_mhf_2.png","contentUrl":"https:\/\/mhf.ro\/mm\/wp-content\/uploads\/2025\/12\/cropped-logo_mhf_2.png","width":1096,"height":457,"caption":"Marius Marcu"},"logo":{"@id":"https:\/\/mhf.ro\/mm\/#\/schema\/person\/image\/"},"sameAs":["https:\/\/mhf.ro\/mm"]},{"@type":"Person","@id":"https:\/\/mhf.ro\/mm\/#\/schema\/person\/4c8c06c801b7b666e81ed44550086900","name":"Preot paroh Horvat Petru","image":{"@type":"ImageObject","inLanguage":"ro-RO","@id":"https:\/\/mhf.ro\/mm\/#\/schema\/person\/image\/","url":"https:\/\/secure.gravatar.com\/avatar\/c2d2dcdf21c6f41aad486d71768c144cd6e23cb7b63bae9bd6fab542b26ad321?s=96&d=monsterid&r=g","contentUrl":"https:\/\/secure.gravatar.com\/avatar\/c2d2dcdf21c6f41aad486d71768c144cd6e23cb7b63bae9bd6fab542b26ad321?s=96&d=monsterid&r=g","caption":"Preot paroh Horvat Petru"},"sameAs":["https:\/\/mhf.ro\/mm"],"url":"https:\/\/mhf.ro\/mm\/author\/petrica\/"}]}},"_links":{"self":[{"href":"https:\/\/mhf.ro\/mm\/wp-json\/wp\/v2\/posts\/9378","targetHints":{"allow":["GET"]}}],"collection":[{"href":"https:\/\/mhf.ro\/mm\/wp-json\/wp\/v2\/posts"}],"about":[{"href":"https:\/\/mhf.ro\/mm\/wp-json\/wp\/v2\/types\/post"}],"author":[{"embeddable":true,"href":"https:\/\/mhf.ro\/mm\/wp-json\/wp\/v2\/users\/4"}],"replies":[{"embeddable":true,"href":"https:\/\/mhf.ro\/mm\/wp-json\/wp\/v2\/comments?post=9378"}],"version-history":[{"count":1,"href":"https:\/\/mhf.ro\/mm\/wp-json\/wp\/v2\/posts\/9378\/revisions"}],"predecessor-version":[{"id":9380,"href":"https:\/\/mhf.ro\/mm\/wp-json\/wp\/v2\/posts\/9378\/revisions\/9380"}],"wp:featuredmedia":[{"embeddable":true,"href":"https:\/\/mhf.ro\/mm\/wp-json\/wp\/v2\/media\/9379"}],"wp:attachment":[{"href":"https:\/\/mhf.ro\/mm\/wp-json\/wp\/v2\/media?parent=9378"}],"wp:term":[{"taxonomy":"category","embeddable":true,"href":"https:\/\/mhf.ro\/mm\/wp-json\/wp\/v2\/categories?post=9378"},{"taxonomy":"post_tag","embeddable":true,"href":"https:\/\/mhf.ro\/mm\/wp-json\/wp\/v2\/tags?post=9378"}],"curies":[{"name":"wp","href":"https:\/\/api.w.org\/{rel}","templated":true}]}}