{"id":953,"date":"2020-04-23T15:55:56","date_gmt":"2020-04-23T15:55:56","guid":{"rendered":"https:\/\/mhf.ro\/mm\/?p=953"},"modified":"2020-04-30T16:50:03","modified_gmt":"2020-04-30T16:50:03","slug":"incepand-de-luni-27-aprilie-2020-purtarea-mastilor-de-protectie-va-fi-obligatorie-pe-raza-municipiului-blaj","status":"publish","type":"post","link":"https:\/\/mhf.ro\/mm\/incepand-de-luni-27-aprilie-2020-purtarea-mastilor-de-protectie-va-fi-obligatorie-pe-raza-municipiului-blaj\/","title":{"rendered":"Incepand de luni, 27 aprilie 2020, purtarea m\u0103\u0219tilor de protec\u021bie va fi OBLIGATORIE pe raza Municipiului Blaj"},"content":{"rendered":"<p><strong>In Municipiul Blaj, purtarea m\u0103\u0219tilor de protec\u021bie devine obligatorie \u00een spa\u021biile publice \u00eenchise \u0219i \u00een transportul \u00een comun, \u00eencep\u00e2nd de luni, 27 aprilie 2020<\/strong><\/p>\n<p>Decizia a fost luata de catre Comitetul Local pentru Situa\u0163ii de Urgen\u0163\u0103 Blaj, prin hot\u0103r\u00e2rea nr.13\/22 aprilie 2020. Nerespectarea obligativit\u0103\u021bi de a purta masca de protectie, de a avea\u00a0 gura \u0219i nasul acoperite \u00een spa\u021biile publice \u00eenchise \u0219i \u00een transportul \u00een comun, se va sanc\u021biona cu amend\u0103 contraven\u021bional\u0103, cuprins\u0103 \u00eentre 100 \u0219i 500 lei. Se pot folosi si alte materiale de protec\u0163ie (e\u015farfe, baticuri) de unic\u0103 folosin\u0163\u0103 sau reutilizabile.<\/p>\n<p>&nbsp;<\/p>\n","protected":false},"excerpt":{"rendered":"<p>In Municipiul Blaj, purtarea m\u0103\u0219tilor de protec\u021bie devine obligatorie \u00een spa\u021biile publice \u00eenchise \u0219i \u00een transportul \u00een comun, \u00eencep\u00e2nd de<\/p>\n","protected":false},"author":1,"featured_media":1105,"comment_status":"open","ping_status":"open","sticky":false,"template":"","format":"standard","meta":{"colormag_page_container_layout":"default_layout","colormag_page_sidebar_layout":"default_layout","footnotes":""},"categories":[5],"tags":[],"class_list":["post-953","post","type-post","status-publish","format-standard","has-post-thumbnail","hentry","category-locale"],"yoast_head":"<!-- This site is optimized with the Yoast SEO plugin v27.0 - https:\/\/yoast.com\/product\/yoast-seo-wordpress\/ -->\n<title>Incepand de luni, 27 aprilie 2020, purtarea m\u0103\u0219tilor de protec\u021bie va fi OBLIGATORIE pe raza Municipiului Blaj - MHF Photography<\/title>\n<meta name=\"robots\" content=\"index, follow, max-snippet:-1, max-image-preview:large, max-video-preview:-1\" \/>\n<link rel=\"canonical\" href=\"https:\/\/mhf.ro\/mm\/incepand-de-luni-27-aprilie-2020-purtarea-mastilor-de-protectie-va-fi-obligatorie-pe-raza-municipiului-blaj\/\" \/>\n<meta property=\"og:locale\" content=\"ro_RO\" \/>\n<meta property=\"og:type\" content=\"article\" \/>\n<meta property=\"og:title\" content=\"Incepand de luni, 27 aprilie 2020, purtarea m\u0103\u0219tilor de protec\u021bie va fi OBLIGATORIE pe raza Municipiului Blaj - MHF Photography\" \/>\n<meta property=\"og:description\" content=\"In Municipiul Blaj, purtarea m\u0103\u0219tilor de protec\u021bie devine obligatorie \u00een spa\u021biile publice \u00eenchise \u0219i \u00een transportul \u00een comun, \u00eencep\u00e2nd de\" \/>\n<meta property=\"og:url\" content=\"https:\/\/mhf.ro\/mm\/incepand-de-luni-27-aprilie-2020-purtarea-mastilor-de-protectie-va-fi-obligatorie-pe-raza-municipiului-blaj\/\" \/>\n<meta property=\"og:site_name\" content=\"MHF Photography\" \/>\n<meta property=\"article:published_time\" content=\"2020-04-23T15:55:56+00:00\" \/>\n<meta property=\"article:modified_time\" content=\"2020-04-30T16:50:03+00:00\" \/>\n<meta property=\"og:image\" content=\"https:\/\/mhf.ro\/mm\/wp-content\/uploads\/2020\/04\/masca2.jpg\" \/>\n\t<meta property=\"og:image:width\" content=\"180\" \/>\n\t<meta property=\"og:image:height\" content=\"140\" \/>\n\t<meta property=\"og:image:type\" content=\"image\/jpeg\" \/>\n<meta name=\"author\" content=\"Marius Marcu\" \/>\n<meta name=\"twitter:card\" content=\"summary_large_image\" \/>\n<meta name=\"twitter:label1\" content=\"Scris de\" \/>\n\t<meta name=\"twitter:data1\" content=\"Marius Marcu\" \/>\n\t<meta name=\"twitter:label2\" content=\"Timp estimat pentru citire\" \/>\n\t<meta name=\"twitter:data2\" content=\"1 minut\" \/>\n<script type=\"application\/ld+json\" class=\"yoast-schema-graph\">{\"@context\":\"https:\/\/schema.org\",\"@graph\":[{\"@type\":\"Article\",\"@id\":\"https:\/\/mhf.ro\/mm\/incepand-de-luni-27-aprilie-2020-purtarea-mastilor-de-protectie-va-fi-obligatorie-pe-raza-municipiului-blaj\/#article\",\"isPartOf\":{\"@id\":\"https:\/\/mhf.ro\/mm\/incepand-de-luni-27-aprilie-2020-purtarea-mastilor-de-protectie-va-fi-obligatorie-pe-raza-municipiului-blaj\/\"},\"author\":{\"name\":\"Marius Marcu\",\"@id\":\"https:\/\/mhf.ro\/mm\/#\/schema\/person\/a3bebf7bdb4bf12f698aff73c7e46c21\"},\"headline\":\"Incepand de luni, 27 aprilie 2020, purtarea m\u0103\u0219tilor de protec\u021bie va fi OBLIGATORIE pe raza Municipiului Blaj\",\"datePublished\":\"2020-04-23T15:55:56+00:00\",\"dateModified\":\"2020-04-30T16:50:03+00:00\",\"mainEntityOfPage\":{\"@id\":\"https:\/\/mhf.ro\/mm\/incepand-de-luni-27-aprilie-2020-purtarea-mastilor-de-protectie-va-fi-obligatorie-pe-raza-municipiului-blaj\/\"},\"wordCount\":119,\"commentCount\":0,\"publisher\":{\"@id\":\"https:\/\/mhf.ro\/mm\/#\/schema\/person\/a3bebf7bdb4bf12f698aff73c7e46c21\"},\"image\":{\"@id\":\"https:\/\/mhf.ro\/mm\/incepand-de-luni-27-aprilie-2020-purtarea-mastilor-de-protectie-va-fi-obligatorie-pe-raza-municipiului-blaj\/#primaryimage\"},\"thumbnailUrl\":\"https:\/\/mhf.ro\/mm\/wp-content\/uploads\/2020\/04\/masca2.jpg\",\"articleSection\":[\"Locale\"],\"inLanguage\":\"ro-RO\",\"potentialAction\":[{\"@type\":\"CommentAction\",\"name\":\"Comment\",\"target\":[\"https:\/\/mhf.ro\/mm\/incepand-de-luni-27-aprilie-2020-purtarea-mastilor-de-protectie-va-fi-obligatorie-pe-raza-municipiului-blaj\/#respond\"]}]},{\"@type\":\"WebPage\",\"@id\":\"https:\/\/mhf.ro\/mm\/incepand-de-luni-27-aprilie-2020-purtarea-mastilor-de-protectie-va-fi-obligatorie-pe-raza-municipiului-blaj\/\",\"url\":\"https:\/\/mhf.ro\/mm\/incepand-de-luni-27-aprilie-2020-purtarea-mastilor-de-protectie-va-fi-obligatorie-pe-raza-municipiului-blaj\/\",\"name\":\"Incepand de luni, 27 aprilie 2020, purtarea m\u0103\u0219tilor de protec\u021bie va fi OBLIGATORIE pe raza Municipiului Blaj - MHF Photography\",\"isPartOf\":{\"@id\":\"https:\/\/mhf.ro\/mm\/#website\"},\"primaryImageOfPage\":{\"@id\":\"https:\/\/mhf.ro\/mm\/incepand-de-luni-27-aprilie-2020-purtarea-mastilor-de-protectie-va-fi-obligatorie-pe-raza-municipiului-blaj\/#primaryimage\"},\"image\":{\"@id\":\"https:\/\/mhf.ro\/mm\/incepand-de-luni-27-aprilie-2020-purtarea-mastilor-de-protectie-va-fi-obligatorie-pe-raza-municipiului-blaj\/#primaryimage\"},\"thumbnailUrl\":\"https:\/\/mhf.ro\/mm\/wp-content\/uploads\/2020\/04\/masca2.jpg\",\"datePublished\":\"2020-04-23T15:55:56+00:00\",\"dateModified\":\"2020-04-30T16:50:03+00:00\",\"breadcrumb\":{\"@id\":\"https:\/\/mhf.ro\/mm\/incepand-de-luni-27-aprilie-2020-purtarea-mastilor-de-protectie-va-fi-obligatorie-pe-raza-municipiului-blaj\/#breadcrumb\"},\"inLanguage\":\"ro-RO\",\"potentialAction\":[{\"@type\":\"ReadAction\",\"target\":[\"https:\/\/mhf.ro\/mm\/incepand-de-luni-27-aprilie-2020-purtarea-mastilor-de-protectie-va-fi-obligatorie-pe-raza-municipiului-blaj\/\"]}]},{\"@type\":\"ImageObject\",\"inLanguage\":\"ro-RO\",\"@id\":\"https:\/\/mhf.ro\/mm\/incepand-de-luni-27-aprilie-2020-purtarea-mastilor-de-protectie-va-fi-obligatorie-pe-raza-municipiului-blaj\/#primaryimage\",\"url\":\"https:\/\/mhf.ro\/mm\/wp-content\/uploads\/2020\/04\/masca2.jpg\",\"contentUrl\":\"https:\/\/mhf.ro\/mm\/wp-content\/uploads\/2020\/04\/masca2.jpg\",\"width\":180,\"height\":140},{\"@type\":\"BreadcrumbList\",\"@id\":\"https:\/\/mhf.ro\/mm\/incepand-de-luni-27-aprilie-2020-purtarea-mastilor-de-protectie-va-fi-obligatorie-pe-raza-municipiului-blaj\/#breadcrumb\",\"itemListElement\":[{\"@type\":\"ListItem\",\"position\":1,\"name\":\"Prima pagin\u0103\",\"item\":\"https:\/\/mhf.ro\/mm\/\"},{\"@type\":\"ListItem\",\"position\":2,\"name\":\"Incepand de luni, 27 aprilie 2020, purtarea m\u0103\u0219tilor de protec\u021bie va fi OBLIGATORIE pe raza Municipiului Blaj\"}]},{\"@type\":\"WebSite\",\"@id\":\"https:\/\/mhf.ro\/mm\/#website\",\"url\":\"https:\/\/mhf.ro\/mm\/\",\"name\":\"MHF Photography \u2013 Blog de fotografie, natur\u0103 \u0219i tehnic\u0103 divers\u0103\",\"description\":\"Aventur\u0103 \u00een fiecare cadru.\",\"publisher\":{\"@id\":\"https:\/\/mhf.ro\/mm\/#\/schema\/person\/a3bebf7bdb4bf12f698aff73c7e46c21\"},\"potentialAction\":[{\"@type\":\"SearchAction\",\"target\":{\"@type\":\"EntryPoint\",\"urlTemplate\":\"https:\/\/mhf.ro\/mm\/?s={search_term_string}\"},\"query-input\":{\"@type\":\"PropertyValueSpecification\",\"valueRequired\":true,\"valueName\":\"search_term_string\"}}],\"inLanguage\":\"ro-RO\"},{\"@type\":[\"Person\",\"Organization\"],\"@id\":\"https:\/\/mhf.ro\/mm\/#\/schema\/person\/a3bebf7bdb4bf12f698aff73c7e46c21\",\"name\":\"Marius Marcu\",\"image\":{\"@type\":\"ImageObject\",\"inLanguage\":\"ro-RO\",\"@id\":\"https:\/\/mhf.ro\/mm\/#\/schema\/person\/image\/\",\"url\":\"https:\/\/mhf.ro\/mm\/wp-content\/uploads\/2025\/12\/cropped-logo_mhf_2.png\",\"contentUrl\":\"https:\/\/mhf.ro\/mm\/wp-content\/uploads\/2025\/12\/cropped-logo_mhf_2.png\",\"width\":1096,\"height\":457,\"caption\":\"Marius Marcu\"},\"logo\":{\"@id\":\"https:\/\/mhf.ro\/mm\/#\/schema\/person\/image\/\"},\"sameAs\":[\"https:\/\/mhf.ro\/mm\"],\"url\":\"https:\/\/mhf.ro\/mm\/author\/mihai\/\"}]}<\/script>\n<!-- \/ Yoast SEO plugin. -->","yoast_head_json":{"title":"Incepand de luni, 27 aprilie 2020, purtarea m\u0103\u0219tilor de protec\u021bie va fi OBLIGATORIE pe raza Municipiului Blaj - MHF Photography","robots":{"index":"index","follow":"follow","max-snippet":"max-snippet:-1","max-image-preview":"max-image-preview:large","max-video-preview":"max-video-preview:-1"},"canonical":"https:\/\/mhf.ro\/mm\/incepand-de-luni-27-aprilie-2020-purtarea-mastilor-de-protectie-va-fi-obligatorie-pe-raza-municipiului-blaj\/","og_locale":"ro_RO","og_type":"article","og_title":"Incepand de luni, 27 aprilie 2020, purtarea m\u0103\u0219tilor de protec\u021bie va fi OBLIGATORIE pe raza Municipiului Blaj - MHF Photography","og_description":"In Municipiul Blaj, purtarea m\u0103\u0219tilor de protec\u021bie devine obligatorie \u00een spa\u021biile publice \u00eenchise \u0219i \u00een transportul \u00een comun, \u00eencep\u00e2nd de","og_url":"https:\/\/mhf.ro\/mm\/incepand-de-luni-27-aprilie-2020-purtarea-mastilor-de-protectie-va-fi-obligatorie-pe-raza-municipiului-blaj\/","og_site_name":"MHF Photography","article_published_time":"2020-04-23T15:55:56+00:00","article_modified_time":"2020-04-30T16:50:03+00:00","og_image":[{"width":180,"height":140,"url":"https:\/\/mhf.ro\/mm\/wp-content\/uploads\/2020\/04\/masca2.jpg","type":"image\/jpeg"}],"author":"Marius Marcu","twitter_card":"summary_large_image","twitter_misc":{"Scris de":"Marius Marcu","Timp estimat pentru citire":"1 minut"},"schema":{"@context":"https:\/\/schema.org","@graph":[{"@type":"Article","@id":"https:\/\/mhf.ro\/mm\/incepand-de-luni-27-aprilie-2020-purtarea-mastilor-de-protectie-va-fi-obligatorie-pe-raza-municipiului-blaj\/#article","isPartOf":{"@id":"https:\/\/mhf.ro\/mm\/incepand-de-luni-27-aprilie-2020-purtarea-mastilor-de-protectie-va-fi-obligatorie-pe-raza-municipiului-blaj\/"},"author":{"name":"Marius Marcu","@id":"https:\/\/mhf.ro\/mm\/#\/schema\/person\/a3bebf7bdb4bf12f698aff73c7e46c21"},"headline":"Incepand de luni, 27 aprilie 2020, purtarea m\u0103\u0219tilor de protec\u021bie va fi OBLIGATORIE pe raza Municipiului Blaj","datePublished":"2020-04-23T15:55:56+00:00","dateModified":"2020-04-30T16:50:03+00:00","mainEntityOfPage":{"@id":"https:\/\/mhf.ro\/mm\/incepand-de-luni-27-aprilie-2020-purtarea-mastilor-de-protectie-va-fi-obligatorie-pe-raza-municipiului-blaj\/"},"wordCount":119,"commentCount":0,"publisher":{"@id":"https:\/\/mhf.ro\/mm\/#\/schema\/person\/a3bebf7bdb4bf12f698aff73c7e46c21"},"image":{"@id":"https:\/\/mhf.ro\/mm\/incepand-de-luni-27-aprilie-2020-purtarea-mastilor-de-protectie-va-fi-obligatorie-pe-raza-municipiului-blaj\/#primaryimage"},"thumbnailUrl":"https:\/\/mhf.ro\/mm\/wp-content\/uploads\/2020\/04\/masca2.jpg","articleSection":["Locale"],"inLanguage":"ro-RO","potentialAction":[{"@type":"CommentAction","name":"Comment","target":["https:\/\/mhf.ro\/mm\/incepand-de-luni-27-aprilie-2020-purtarea-mastilor-de-protectie-va-fi-obligatorie-pe-raza-municipiului-blaj\/#respond"]}]},{"@type":"WebPage","@id":"https:\/\/mhf.ro\/mm\/incepand-de-luni-27-aprilie-2020-purtarea-mastilor-de-protectie-va-fi-obligatorie-pe-raza-municipiului-blaj\/","url":"https:\/\/mhf.ro\/mm\/incepand-de-luni-27-aprilie-2020-purtarea-mastilor-de-protectie-va-fi-obligatorie-pe-raza-municipiului-blaj\/","name":"Incepand de luni, 27 aprilie 2020, purtarea m\u0103\u0219tilor de protec\u021bie va fi OBLIGATORIE pe raza Municipiului Blaj - MHF Photography","isPartOf":{"@id":"https:\/\/mhf.ro\/mm\/#website"},"primaryImageOfPage":{"@id":"https:\/\/mhf.ro\/mm\/incepand-de-luni-27-aprilie-2020-purtarea-mastilor-de-protectie-va-fi-obligatorie-pe-raza-municipiului-blaj\/#primaryimage"},"image":{"@id":"https:\/\/mhf.ro\/mm\/incepand-de-luni-27-aprilie-2020-purtarea-mastilor-de-protectie-va-fi-obligatorie-pe-raza-municipiului-blaj\/#primaryimage"},"thumbnailUrl":"https:\/\/mhf.ro\/mm\/wp-content\/uploads\/2020\/04\/masca2.jpg","datePublished":"2020-04-23T15:55:56+00:00","dateModified":"2020-04-30T16:50:03+00:00","breadcrumb":{"@id":"https:\/\/mhf.ro\/mm\/incepand-de-luni-27-aprilie-2020-purtarea-mastilor-de-protectie-va-fi-obligatorie-pe-raza-municipiului-blaj\/#breadcrumb"},"inLanguage":"ro-RO","potentialAction":[{"@type":"ReadAction","target":["https:\/\/mhf.ro\/mm\/incepand-de-luni-27-aprilie-2020-purtarea-mastilor-de-protectie-va-fi-obligatorie-pe-raza-municipiului-blaj\/"]}]},{"@type":"ImageObject","inLanguage":"ro-RO","@id":"https:\/\/mhf.ro\/mm\/incepand-de-luni-27-aprilie-2020-purtarea-mastilor-de-protectie-va-fi-obligatorie-pe-raza-municipiului-blaj\/#primaryimage","url":"https:\/\/mhf.ro\/mm\/wp-content\/uploads\/2020\/04\/masca2.jpg","contentUrl":"https:\/\/mhf.ro\/mm\/wp-content\/uploads\/2020\/04\/masca2.jpg","width":180,"height":140},{"@type":"BreadcrumbList","@id":"https:\/\/mhf.ro\/mm\/incepand-de-luni-27-aprilie-2020-purtarea-mastilor-de-protectie-va-fi-obligatorie-pe-raza-municipiului-blaj\/#breadcrumb","itemListElement":[{"@type":"ListItem","position":1,"name":"Prima pagin\u0103","item":"https:\/\/mhf.ro\/mm\/"},{"@type":"ListItem","position":2,"name":"Incepand de luni, 27 aprilie 2020, purtarea m\u0103\u0219tilor de protec\u021bie va fi OBLIGATORIE pe raza Municipiului Blaj"}]},{"@type":"WebSite","@id":"https:\/\/mhf.ro\/mm\/#website","url":"https:\/\/mhf.ro\/mm\/","name":"MHF Photography \u2013 Blog de fotografie, natur\u0103 \u0219i tehnic\u0103 divers\u0103","description":"Aventur\u0103 \u00een fiecare cadru.","publisher":{"@id":"https:\/\/mhf.ro\/mm\/#\/schema\/person\/a3bebf7bdb4bf12f698aff73c7e46c21"},"potentialAction":[{"@type":"SearchAction","target":{"@type":"EntryPoint","urlTemplate":"https:\/\/mhf.ro\/mm\/?s={search_term_string}"},"query-input":{"@type":"PropertyValueSpecification","valueRequired":true,"valueName":"search_term_string"}}],"inLanguage":"ro-RO"},{"@type":["Person","Organization"],"@id":"https:\/\/mhf.ro\/mm\/#\/schema\/person\/a3bebf7bdb4bf12f698aff73c7e46c21","name":"Marius Marcu","image":{"@type":"ImageObject","inLanguage":"ro-RO","@id":"https:\/\/mhf.ro\/mm\/#\/schema\/person\/image\/","url":"https:\/\/mhf.ro\/mm\/wp-content\/uploads\/2025\/12\/cropped-logo_mhf_2.png","contentUrl":"https:\/\/mhf.ro\/mm\/wp-content\/uploads\/2025\/12\/cropped-logo_mhf_2.png","width":1096,"height":457,"caption":"Marius Marcu"},"logo":{"@id":"https:\/\/mhf.ro\/mm\/#\/schema\/person\/image\/"},"sameAs":["https:\/\/mhf.ro\/mm"],"url":"https:\/\/mhf.ro\/mm\/author\/mihai\/"}]}},"_links":{"self":[{"href":"https:\/\/mhf.ro\/mm\/wp-json\/wp\/v2\/posts\/953","targetHints":{"allow":["GET"]}}],"collection":[{"href":"https:\/\/mhf.ro\/mm\/wp-json\/wp\/v2\/posts"}],"about":[{"href":"https:\/\/mhf.ro\/mm\/wp-json\/wp\/v2\/types\/post"}],"author":[{"embeddable":true,"href":"https:\/\/mhf.ro\/mm\/wp-json\/wp\/v2\/users\/1"}],"replies":[{"embeddable":true,"href":"https:\/\/mhf.ro\/mm\/wp-json\/wp\/v2\/comments?post=953"}],"version-history":[{"count":6,"href":"https:\/\/mhf.ro\/mm\/wp-json\/wp\/v2\/posts\/953\/revisions"}],"predecessor-version":[{"id":997,"href":"https:\/\/mhf.ro\/mm\/wp-json\/wp\/v2\/posts\/953\/revisions\/997"}],"wp:featuredmedia":[{"embeddable":true,"href":"https:\/\/mhf.ro\/mm\/wp-json\/wp\/v2\/media\/1105"}],"wp:attachment":[{"href":"https:\/\/mhf.ro\/mm\/wp-json\/wp\/v2\/media?parent=953"}],"wp:term":[{"taxonomy":"category","embeddable":true,"href":"https:\/\/mhf.ro\/mm\/wp-json\/wp\/v2\/categories?post=953"},{"taxonomy":"post_tag","embeddable":true,"href":"https:\/\/mhf.ro\/mm\/wp-json\/wp\/v2\/tags?post=953"}],"curies":[{"name":"wp","href":"https:\/\/api.w.org\/{rel}","templated":true}]}}