{"id":976,"date":"2020-04-21T17:48:24","date_gmt":"2020-04-21T17:48:24","guid":{"rendered":"https:\/\/mhf.ro\/mm\/?p=976"},"modified":"2020-04-23T17:53:02","modified_gmt":"2020-04-23T17:53:02","slug":"vesti-bune-din-judetul-alba-in-plina-criza","status":"publish","type":"post","link":"https:\/\/mhf.ro\/mm\/vesti-bune-din-judetul-alba-in-plina-criza\/","title":{"rendered":"Vesti bune din judetul Alba in plina criza!"},"content":{"rendered":"<p><strong><em>\u00a0 <\/em><\/strong>\u00a0 \u00a0 Aproape 23% dintre pacientii infectati cu nemilosul virus COVID-19 din judetul Alba s-au vindecat. De asemenea, in judetul nostru, la data de 20 aprilie, 165 de persoane se aflau in carantina, iar 457 erau izolate la domiciliu. Pana acum au iesit din carantina 563 de persoane, iar din izolare 4.120. Numarul persoanelor diagnosticate pana in acest moment este de 158, dintre care 38 au fost declarate vindecate. In ultimele doua zile, a fost inregistrat doar un singur nou caz, iar numarul celor vindecati creste considerabil oferind o speranta locuitorilor. Speram ca in zilele urmatoare, numarul persoanelor vindecate sa fie in continua crestere si totul sa revina la normal intr-o perioada cat mai scurta.<br \/>\nDirectorul DSP Alba, Alexandru Sinea a anun\u021bat c\u0103 institu\u021bia pe care o conduce va avea trei linii de testare RT PCR pentru diagnosticarea virusului COVID-19, cu o capacitate de peste 1.500 de teste pe zi, \u00een urma unei colabor\u0103ri cu DSV \u0219i OSPA Alba\u00a0<strong> (D.A.)<br \/>\n<\/strong><\/p>\n","protected":false},"excerpt":{"rendered":"<p>\u00a0 \u00a0 \u00a0 Aproape 23% dintre pacientii infectati cu nemilosul virus COVID-19 din judetul Alba s-au vindecat. De asemenea, in<\/p>\n","protected":false},"author":1,"featured_media":977,"comment_status":"open","ping_status":"open","sticky":false,"template":"","format":"standard","meta":{"colormag_page_container_layout":"default_layout","colormag_page_sidebar_layout":"default_layout","footnotes":""},"categories":[5],"tags":[],"class_list":["post-976","post","type-post","status-publish","format-standard","has-post-thumbnail","hentry","category-locale"],"yoast_head":"<!-- This site is optimized with the Yoast SEO plugin v27.0 - https:\/\/yoast.com\/product\/yoast-seo-wordpress\/ -->\n<title>Vesti bune din judetul Alba in plina criza! - MHF Photography<\/title>\n<meta name=\"robots\" content=\"index, follow, max-snippet:-1, max-image-preview:large, max-video-preview:-1\" \/>\n<link rel=\"canonical\" href=\"https:\/\/mhf.ro\/mm\/vesti-bune-din-judetul-alba-in-plina-criza\/\" \/>\n<meta property=\"og:locale\" content=\"ro_RO\" \/>\n<meta property=\"og:type\" content=\"article\" \/>\n<meta property=\"og:title\" content=\"Vesti bune din judetul Alba in plina criza! - MHF Photography\" \/>\n<meta property=\"og:description\" content=\"\u00a0 \u00a0 \u00a0 Aproape 23% dintre pacientii infectati cu nemilosul virus COVID-19 din judetul Alba s-au vindecat. De asemenea, in\" \/>\n<meta property=\"og:url\" content=\"https:\/\/mhf.ro\/mm\/vesti-bune-din-judetul-alba-in-plina-criza\/\" \/>\n<meta property=\"og:site_name\" content=\"MHF Photography\" \/>\n<meta property=\"article:published_time\" content=\"2020-04-21T17:48:24+00:00\" \/>\n<meta property=\"article:modified_time\" content=\"2020-04-23T17:53:02+00:00\" \/>\n<meta property=\"og:image\" content=\"https:\/\/mhf.ro\/mm\/wp-content\/uploads\/2020\/04\/Alin_a1.jpg\" \/>\n\t<meta property=\"og:image:width\" content=\"300\" \/>\n\t<meta property=\"og:image:height\" content=\"169\" \/>\n\t<meta property=\"og:image:type\" content=\"image\/jpeg\" \/>\n<meta name=\"author\" content=\"Marius Marcu\" \/>\n<meta name=\"twitter:card\" content=\"summary_large_image\" \/>\n<meta name=\"twitter:label1\" content=\"Scris de\" \/>\n\t<meta name=\"twitter:data1\" content=\"Marius Marcu\" \/>\n\t<meta name=\"twitter:label2\" content=\"Timp estimat pentru citire\" \/>\n\t<meta name=\"twitter:data2\" content=\"1 minut\" \/>\n<script type=\"application\/ld+json\" class=\"yoast-schema-graph\">{\"@context\":\"https:\/\/schema.org\",\"@graph\":[{\"@type\":\"Article\",\"@id\":\"https:\/\/mhf.ro\/mm\/vesti-bune-din-judetul-alba-in-plina-criza\/#article\",\"isPartOf\":{\"@id\":\"https:\/\/mhf.ro\/mm\/vesti-bune-din-judetul-alba-in-plina-criza\/\"},\"author\":{\"name\":\"Marius Marcu\",\"@id\":\"https:\/\/mhf.ro\/mm\/#\/schema\/person\/a3bebf7bdb4bf12f698aff73c7e46c21\"},\"headline\":\"Vesti bune din judetul Alba in plina criza!\",\"datePublished\":\"2020-04-21T17:48:24+00:00\",\"dateModified\":\"2020-04-23T17:53:02+00:00\",\"mainEntityOfPage\":{\"@id\":\"https:\/\/mhf.ro\/mm\/vesti-bune-din-judetul-alba-in-plina-criza\/\"},\"wordCount\":161,\"commentCount\":0,\"publisher\":{\"@id\":\"https:\/\/mhf.ro\/mm\/#\/schema\/person\/a3bebf7bdb4bf12f698aff73c7e46c21\"},\"image\":{\"@id\":\"https:\/\/mhf.ro\/mm\/vesti-bune-din-judetul-alba-in-plina-criza\/#primaryimage\"},\"thumbnailUrl\":\"https:\/\/mhf.ro\/mm\/wp-content\/uploads\/2020\/04\/Alin_a1.jpg\",\"articleSection\":[\"Locale\"],\"inLanguage\":\"ro-RO\",\"potentialAction\":[{\"@type\":\"CommentAction\",\"name\":\"Comment\",\"target\":[\"https:\/\/mhf.ro\/mm\/vesti-bune-din-judetul-alba-in-plina-criza\/#respond\"]}]},{\"@type\":\"WebPage\",\"@id\":\"https:\/\/mhf.ro\/mm\/vesti-bune-din-judetul-alba-in-plina-criza\/\",\"url\":\"https:\/\/mhf.ro\/mm\/vesti-bune-din-judetul-alba-in-plina-criza\/\",\"name\":\"Vesti bune din judetul Alba in plina criza! - MHF Photography\",\"isPartOf\":{\"@id\":\"https:\/\/mhf.ro\/mm\/#website\"},\"primaryImageOfPage\":{\"@id\":\"https:\/\/mhf.ro\/mm\/vesti-bune-din-judetul-alba-in-plina-criza\/#primaryimage\"},\"image\":{\"@id\":\"https:\/\/mhf.ro\/mm\/vesti-bune-din-judetul-alba-in-plina-criza\/#primaryimage\"},\"thumbnailUrl\":\"https:\/\/mhf.ro\/mm\/wp-content\/uploads\/2020\/04\/Alin_a1.jpg\",\"datePublished\":\"2020-04-21T17:48:24+00:00\",\"dateModified\":\"2020-04-23T17:53:02+00:00\",\"breadcrumb\":{\"@id\":\"https:\/\/mhf.ro\/mm\/vesti-bune-din-judetul-alba-in-plina-criza\/#breadcrumb\"},\"inLanguage\":\"ro-RO\",\"potentialAction\":[{\"@type\":\"ReadAction\",\"target\":[\"https:\/\/mhf.ro\/mm\/vesti-bune-din-judetul-alba-in-plina-criza\/\"]}]},{\"@type\":\"ImageObject\",\"inLanguage\":\"ro-RO\",\"@id\":\"https:\/\/mhf.ro\/mm\/vesti-bune-din-judetul-alba-in-plina-criza\/#primaryimage\",\"url\":\"https:\/\/mhf.ro\/mm\/wp-content\/uploads\/2020\/04\/Alin_a1.jpg\",\"contentUrl\":\"https:\/\/mhf.ro\/mm\/wp-content\/uploads\/2020\/04\/Alin_a1.jpg\",\"width\":300,\"height\":169},{\"@type\":\"BreadcrumbList\",\"@id\":\"https:\/\/mhf.ro\/mm\/vesti-bune-din-judetul-alba-in-plina-criza\/#breadcrumb\",\"itemListElement\":[{\"@type\":\"ListItem\",\"position\":1,\"name\":\"Prima pagin\u0103\",\"item\":\"https:\/\/mhf.ro\/mm\/\"},{\"@type\":\"ListItem\",\"position\":2,\"name\":\"Vesti bune din judetul Alba in plina criza!\"}]},{\"@type\":\"WebSite\",\"@id\":\"https:\/\/mhf.ro\/mm\/#website\",\"url\":\"https:\/\/mhf.ro\/mm\/\",\"name\":\"MHF Photography \u2013 Blog de fotografie, natur\u0103 \u0219i tehnic\u0103 divers\u0103\",\"description\":\"Aventur\u0103 \u00een fiecare cadru.\",\"publisher\":{\"@id\":\"https:\/\/mhf.ro\/mm\/#\/schema\/person\/a3bebf7bdb4bf12f698aff73c7e46c21\"},\"potentialAction\":[{\"@type\":\"SearchAction\",\"target\":{\"@type\":\"EntryPoint\",\"urlTemplate\":\"https:\/\/mhf.ro\/mm\/?s={search_term_string}\"},\"query-input\":{\"@type\":\"PropertyValueSpecification\",\"valueRequired\":true,\"valueName\":\"search_term_string\"}}],\"inLanguage\":\"ro-RO\"},{\"@type\":[\"Person\",\"Organization\"],\"@id\":\"https:\/\/mhf.ro\/mm\/#\/schema\/person\/a3bebf7bdb4bf12f698aff73c7e46c21\",\"name\":\"Marius Marcu\",\"image\":{\"@type\":\"ImageObject\",\"inLanguage\":\"ro-RO\",\"@id\":\"https:\/\/mhf.ro\/mm\/#\/schema\/person\/image\/\",\"url\":\"https:\/\/mhf.ro\/mm\/wp-content\/uploads\/2025\/12\/cropped-logo_mhf_2.png\",\"contentUrl\":\"https:\/\/mhf.ro\/mm\/wp-content\/uploads\/2025\/12\/cropped-logo_mhf_2.png\",\"width\":1096,\"height\":457,\"caption\":\"Marius Marcu\"},\"logo\":{\"@id\":\"https:\/\/mhf.ro\/mm\/#\/schema\/person\/image\/\"},\"sameAs\":[\"https:\/\/mhf.ro\/mm\"],\"url\":\"https:\/\/mhf.ro\/mm\/author\/mihai\/\"}]}<\/script>\n<!-- \/ Yoast SEO plugin. -->","yoast_head_json":{"title":"Vesti bune din judetul Alba in plina criza! - MHF Photography","robots":{"index":"index","follow":"follow","max-snippet":"max-snippet:-1","max-image-preview":"max-image-preview:large","max-video-preview":"max-video-preview:-1"},"canonical":"https:\/\/mhf.ro\/mm\/vesti-bune-din-judetul-alba-in-plina-criza\/","og_locale":"ro_RO","og_type":"article","og_title":"Vesti bune din judetul Alba in plina criza! - MHF Photography","og_description":"\u00a0 \u00a0 \u00a0 Aproape 23% dintre pacientii infectati cu nemilosul virus COVID-19 din judetul Alba s-au vindecat. De asemenea, in","og_url":"https:\/\/mhf.ro\/mm\/vesti-bune-din-judetul-alba-in-plina-criza\/","og_site_name":"MHF Photography","article_published_time":"2020-04-21T17:48:24+00:00","article_modified_time":"2020-04-23T17:53:02+00:00","og_image":[{"width":300,"height":169,"url":"https:\/\/mhf.ro\/mm\/wp-content\/uploads\/2020\/04\/Alin_a1.jpg","type":"image\/jpeg"}],"author":"Marius Marcu","twitter_card":"summary_large_image","twitter_misc":{"Scris de":"Marius Marcu","Timp estimat pentru citire":"1 minut"},"schema":{"@context":"https:\/\/schema.org","@graph":[{"@type":"Article","@id":"https:\/\/mhf.ro\/mm\/vesti-bune-din-judetul-alba-in-plina-criza\/#article","isPartOf":{"@id":"https:\/\/mhf.ro\/mm\/vesti-bune-din-judetul-alba-in-plina-criza\/"},"author":{"name":"Marius Marcu","@id":"https:\/\/mhf.ro\/mm\/#\/schema\/person\/a3bebf7bdb4bf12f698aff73c7e46c21"},"headline":"Vesti bune din judetul Alba in plina criza!","datePublished":"2020-04-21T17:48:24+00:00","dateModified":"2020-04-23T17:53:02+00:00","mainEntityOfPage":{"@id":"https:\/\/mhf.ro\/mm\/vesti-bune-din-judetul-alba-in-plina-criza\/"},"wordCount":161,"commentCount":0,"publisher":{"@id":"https:\/\/mhf.ro\/mm\/#\/schema\/person\/a3bebf7bdb4bf12f698aff73c7e46c21"},"image":{"@id":"https:\/\/mhf.ro\/mm\/vesti-bune-din-judetul-alba-in-plina-criza\/#primaryimage"},"thumbnailUrl":"https:\/\/mhf.ro\/mm\/wp-content\/uploads\/2020\/04\/Alin_a1.jpg","articleSection":["Locale"],"inLanguage":"ro-RO","potentialAction":[{"@type":"CommentAction","name":"Comment","target":["https:\/\/mhf.ro\/mm\/vesti-bune-din-judetul-alba-in-plina-criza\/#respond"]}]},{"@type":"WebPage","@id":"https:\/\/mhf.ro\/mm\/vesti-bune-din-judetul-alba-in-plina-criza\/","url":"https:\/\/mhf.ro\/mm\/vesti-bune-din-judetul-alba-in-plina-criza\/","name":"Vesti bune din judetul Alba in plina criza! - MHF Photography","isPartOf":{"@id":"https:\/\/mhf.ro\/mm\/#website"},"primaryImageOfPage":{"@id":"https:\/\/mhf.ro\/mm\/vesti-bune-din-judetul-alba-in-plina-criza\/#primaryimage"},"image":{"@id":"https:\/\/mhf.ro\/mm\/vesti-bune-din-judetul-alba-in-plina-criza\/#primaryimage"},"thumbnailUrl":"https:\/\/mhf.ro\/mm\/wp-content\/uploads\/2020\/04\/Alin_a1.jpg","datePublished":"2020-04-21T17:48:24+00:00","dateModified":"2020-04-23T17:53:02+00:00","breadcrumb":{"@id":"https:\/\/mhf.ro\/mm\/vesti-bune-din-judetul-alba-in-plina-criza\/#breadcrumb"},"inLanguage":"ro-RO","potentialAction":[{"@type":"ReadAction","target":["https:\/\/mhf.ro\/mm\/vesti-bune-din-judetul-alba-in-plina-criza\/"]}]},{"@type":"ImageObject","inLanguage":"ro-RO","@id":"https:\/\/mhf.ro\/mm\/vesti-bune-din-judetul-alba-in-plina-criza\/#primaryimage","url":"https:\/\/mhf.ro\/mm\/wp-content\/uploads\/2020\/04\/Alin_a1.jpg","contentUrl":"https:\/\/mhf.ro\/mm\/wp-content\/uploads\/2020\/04\/Alin_a1.jpg","width":300,"height":169},{"@type":"BreadcrumbList","@id":"https:\/\/mhf.ro\/mm\/vesti-bune-din-judetul-alba-in-plina-criza\/#breadcrumb","itemListElement":[{"@type":"ListItem","position":1,"name":"Prima pagin\u0103","item":"https:\/\/mhf.ro\/mm\/"},{"@type":"ListItem","position":2,"name":"Vesti bune din judetul Alba in plina criza!"}]},{"@type":"WebSite","@id":"https:\/\/mhf.ro\/mm\/#website","url":"https:\/\/mhf.ro\/mm\/","name":"MHF Photography \u2013 Blog de fotografie, natur\u0103 \u0219i tehnic\u0103 divers\u0103","description":"Aventur\u0103 \u00een fiecare cadru.","publisher":{"@id":"https:\/\/mhf.ro\/mm\/#\/schema\/person\/a3bebf7bdb4bf12f698aff73c7e46c21"},"potentialAction":[{"@type":"SearchAction","target":{"@type":"EntryPoint","urlTemplate":"https:\/\/mhf.ro\/mm\/?s={search_term_string}"},"query-input":{"@type":"PropertyValueSpecification","valueRequired":true,"valueName":"search_term_string"}}],"inLanguage":"ro-RO"},{"@type":["Person","Organization"],"@id":"https:\/\/mhf.ro\/mm\/#\/schema\/person\/a3bebf7bdb4bf12f698aff73c7e46c21","name":"Marius Marcu","image":{"@type":"ImageObject","inLanguage":"ro-RO","@id":"https:\/\/mhf.ro\/mm\/#\/schema\/person\/image\/","url":"https:\/\/mhf.ro\/mm\/wp-content\/uploads\/2025\/12\/cropped-logo_mhf_2.png","contentUrl":"https:\/\/mhf.ro\/mm\/wp-content\/uploads\/2025\/12\/cropped-logo_mhf_2.png","width":1096,"height":457,"caption":"Marius Marcu"},"logo":{"@id":"https:\/\/mhf.ro\/mm\/#\/schema\/person\/image\/"},"sameAs":["https:\/\/mhf.ro\/mm"],"url":"https:\/\/mhf.ro\/mm\/author\/mihai\/"}]}},"_links":{"self":[{"href":"https:\/\/mhf.ro\/mm\/wp-json\/wp\/v2\/posts\/976","targetHints":{"allow":["GET"]}}],"collection":[{"href":"https:\/\/mhf.ro\/mm\/wp-json\/wp\/v2\/posts"}],"about":[{"href":"https:\/\/mhf.ro\/mm\/wp-json\/wp\/v2\/types\/post"}],"author":[{"embeddable":true,"href":"https:\/\/mhf.ro\/mm\/wp-json\/wp\/v2\/users\/1"}],"replies":[{"embeddable":true,"href":"https:\/\/mhf.ro\/mm\/wp-json\/wp\/v2\/comments?post=976"}],"version-history":[{"count":1,"href":"https:\/\/mhf.ro\/mm\/wp-json\/wp\/v2\/posts\/976\/revisions"}],"predecessor-version":[{"id":978,"href":"https:\/\/mhf.ro\/mm\/wp-json\/wp\/v2\/posts\/976\/revisions\/978"}],"wp:featuredmedia":[{"embeddable":true,"href":"https:\/\/mhf.ro\/mm\/wp-json\/wp\/v2\/media\/977"}],"wp:attachment":[{"href":"https:\/\/mhf.ro\/mm\/wp-json\/wp\/v2\/media?parent=976"}],"wp:term":[{"taxonomy":"category","embeddable":true,"href":"https:\/\/mhf.ro\/mm\/wp-json\/wp\/v2\/categories?post=976"},{"taxonomy":"post_tag","embeddable":true,"href":"https:\/\/mhf.ro\/mm\/wp-json\/wp\/v2\/tags?post=976"}],"curies":[{"name":"wp","href":"https:\/\/api.w.org\/{rel}","templated":true}]}}