{"id":994,"date":"2020-04-22T18:24:54","date_gmt":"2020-04-22T18:24:54","guid":{"rendered":"https:\/\/mhf.ro\/mm\/?p=994"},"modified":"2020-04-23T18:31:25","modified_gmt":"2020-04-23T18:31:25","slug":"doua-noi-decese-cauzate-de-coronavirus-in-judetul-alba","status":"publish","type":"post","link":"https:\/\/mhf.ro\/mm\/doua-noi-decese-cauzate-de-coronavirus-in-judetul-alba\/","title":{"rendered":"Dou\u0103 noi decese cauzate de coronavirus \u00een jude\u021bul Alba."},"content":{"rendered":"<p>Dou\u0103 noi decese cauzate de coronavirus au fost \u00eenregistrate la spitalul Municipal Blaj. Este vorba despre cazurile \u0219ase \u0219i sapte. Decesul 506: Femeie, 70 ani din jude\u021bul Alba. Contact cu caz confirmat, dializat. Data confirm\u0103rii: 18.04.2020. Dat\u0103 debut: 17.04.2020 cu subfebr\u0103, dispnee. Dat\u0103 internare: 18.04.2020 \u2013 spital Blaj. Dat\u0103 deces: 21.04.2020. Comorbidit\u0103\u021bi: cardiopatie ischiemica cr, HTA, DZ tip II insulino-dependent, neuropatie diabetica, boala cronica de rinichi.<\/p>\n<p><strong>\u00a0<\/strong><\/p>\n","protected":false},"excerpt":{"rendered":"<p>Dou\u0103 noi decese cauzate de coronavirus au fost \u00eenregistrate la spitalul Municipal Blaj. Este vorba despre cazurile \u0219ase \u0219i sapte.<\/p>\n","protected":false},"author":1,"featured_media":995,"comment_status":"open","ping_status":"open","sticky":false,"template":"","format":"standard","meta":{"colormag_page_container_layout":"default_layout","colormag_page_sidebar_layout":"default_layout","footnotes":""},"categories":[8],"tags":[],"class_list":["post-994","post","type-post","status-publish","format-standard","has-post-thumbnail","hentry","category-div"],"yoast_head":"<!-- This site is optimized with the Yoast SEO plugin v27.0 - https:\/\/yoast.com\/product\/yoast-seo-wordpress\/ -->\n<title>Dou\u0103 noi decese cauzate de coronavirus \u00een jude\u021bul Alba. - MHF Photography<\/title>\n<meta name=\"robots\" content=\"index, follow, max-snippet:-1, max-image-preview:large, max-video-preview:-1\" \/>\n<link rel=\"canonical\" href=\"https:\/\/mhf.ro\/mm\/doua-noi-decese-cauzate-de-coronavirus-in-judetul-alba\/\" \/>\n<meta property=\"og:locale\" content=\"ro_RO\" \/>\n<meta property=\"og:type\" content=\"article\" \/>\n<meta property=\"og:title\" content=\"Dou\u0103 noi decese cauzate de coronavirus \u00een jude\u021bul Alba. - MHF Photography\" \/>\n<meta property=\"og:description\" content=\"Dou\u0103 noi decese cauzate de coronavirus au fost \u00eenregistrate la spitalul Municipal Blaj. Este vorba despre cazurile \u0219ase \u0219i sapte.\" \/>\n<meta property=\"og:url\" content=\"https:\/\/mhf.ro\/mm\/doua-noi-decese-cauzate-de-coronavirus-in-judetul-alba\/\" \/>\n<meta property=\"og:site_name\" content=\"MHF Photography\" \/>\n<meta property=\"article:published_time\" content=\"2020-04-22T18:24:54+00:00\" \/>\n<meta property=\"article:modified_time\" content=\"2020-04-23T18:31:25+00:00\" \/>\n<meta property=\"og:image\" content=\"https:\/\/mhf.ro\/mm\/wp-content\/uploads\/2020\/04\/sSmurd.jpg\" \/>\n\t<meta property=\"og:image:width\" content=\"318\" \/>\n\t<meta property=\"og:image:height\" content=\"159\" \/>\n\t<meta property=\"og:image:type\" content=\"image\/jpeg\" \/>\n<meta name=\"author\" content=\"Marius Marcu\" \/>\n<meta name=\"twitter:card\" content=\"summary_large_image\" \/>\n<meta name=\"twitter:label1\" content=\"Scris de\" \/>\n\t<meta name=\"twitter:data1\" content=\"Marius Marcu\" \/>\n<script type=\"application\/ld+json\" class=\"yoast-schema-graph\">{\"@context\":\"https:\/\/schema.org\",\"@graph\":[{\"@type\":\"Article\",\"@id\":\"https:\/\/mhf.ro\/mm\/doua-noi-decese-cauzate-de-coronavirus-in-judetul-alba\/#article\",\"isPartOf\":{\"@id\":\"https:\/\/mhf.ro\/mm\/doua-noi-decese-cauzate-de-coronavirus-in-judetul-alba\/\"},\"author\":{\"name\":\"Marius Marcu\",\"@id\":\"https:\/\/mhf.ro\/mm\/#\/schema\/person\/a3bebf7bdb4bf12f698aff73c7e46c21\"},\"headline\":\"Dou\u0103 noi decese cauzate de coronavirus \u00een jude\u021bul Alba.\",\"datePublished\":\"2020-04-22T18:24:54+00:00\",\"dateModified\":\"2020-04-23T18:31:25+00:00\",\"mainEntityOfPage\":{\"@id\":\"https:\/\/mhf.ro\/mm\/doua-noi-decese-cauzate-de-coronavirus-in-judetul-alba\/\"},\"wordCount\":72,\"commentCount\":0,\"publisher\":{\"@id\":\"https:\/\/mhf.ro\/mm\/#\/schema\/person\/a3bebf7bdb4bf12f698aff73c7e46c21\"},\"image\":{\"@id\":\"https:\/\/mhf.ro\/mm\/doua-noi-decese-cauzate-de-coronavirus-in-judetul-alba\/#primaryimage\"},\"thumbnailUrl\":\"https:\/\/mhf.ro\/mm\/wp-content\/uploads\/2020\/04\/sSmurd.jpg\",\"articleSection\":[\"Diverse\"],\"inLanguage\":\"ro-RO\",\"potentialAction\":[{\"@type\":\"CommentAction\",\"name\":\"Comment\",\"target\":[\"https:\/\/mhf.ro\/mm\/doua-noi-decese-cauzate-de-coronavirus-in-judetul-alba\/#respond\"]}]},{\"@type\":\"WebPage\",\"@id\":\"https:\/\/mhf.ro\/mm\/doua-noi-decese-cauzate-de-coronavirus-in-judetul-alba\/\",\"url\":\"https:\/\/mhf.ro\/mm\/doua-noi-decese-cauzate-de-coronavirus-in-judetul-alba\/\",\"name\":\"Dou\u0103 noi decese cauzate de coronavirus \u00een jude\u021bul Alba. - MHF Photography\",\"isPartOf\":{\"@id\":\"https:\/\/mhf.ro\/mm\/#website\"},\"primaryImageOfPage\":{\"@id\":\"https:\/\/mhf.ro\/mm\/doua-noi-decese-cauzate-de-coronavirus-in-judetul-alba\/#primaryimage\"},\"image\":{\"@id\":\"https:\/\/mhf.ro\/mm\/doua-noi-decese-cauzate-de-coronavirus-in-judetul-alba\/#primaryimage\"},\"thumbnailUrl\":\"https:\/\/mhf.ro\/mm\/wp-content\/uploads\/2020\/04\/sSmurd.jpg\",\"datePublished\":\"2020-04-22T18:24:54+00:00\",\"dateModified\":\"2020-04-23T18:31:25+00:00\",\"breadcrumb\":{\"@id\":\"https:\/\/mhf.ro\/mm\/doua-noi-decese-cauzate-de-coronavirus-in-judetul-alba\/#breadcrumb\"},\"inLanguage\":\"ro-RO\",\"potentialAction\":[{\"@type\":\"ReadAction\",\"target\":[\"https:\/\/mhf.ro\/mm\/doua-noi-decese-cauzate-de-coronavirus-in-judetul-alba\/\"]}]},{\"@type\":\"ImageObject\",\"inLanguage\":\"ro-RO\",\"@id\":\"https:\/\/mhf.ro\/mm\/doua-noi-decese-cauzate-de-coronavirus-in-judetul-alba\/#primaryimage\",\"url\":\"https:\/\/mhf.ro\/mm\/wp-content\/uploads\/2020\/04\/sSmurd.jpg\",\"contentUrl\":\"https:\/\/mhf.ro\/mm\/wp-content\/uploads\/2020\/04\/sSmurd.jpg\",\"width\":318,\"height\":159},{\"@type\":\"BreadcrumbList\",\"@id\":\"https:\/\/mhf.ro\/mm\/doua-noi-decese-cauzate-de-coronavirus-in-judetul-alba\/#breadcrumb\",\"itemListElement\":[{\"@type\":\"ListItem\",\"position\":1,\"name\":\"Prima pagin\u0103\",\"item\":\"https:\/\/mhf.ro\/mm\/\"},{\"@type\":\"ListItem\",\"position\":2,\"name\":\"Dou\u0103 noi decese cauzate de coronavirus \u00een jude\u021bul Alba.\"}]},{\"@type\":\"WebSite\",\"@id\":\"https:\/\/mhf.ro\/mm\/#website\",\"url\":\"https:\/\/mhf.ro\/mm\/\",\"name\":\"MHF Photography \u2013 Blog de fotografie, natur\u0103 \u0219i tehnic\u0103 divers\u0103\",\"description\":\"Aventur\u0103 \u00een fiecare cadru.\",\"publisher\":{\"@id\":\"https:\/\/mhf.ro\/mm\/#\/schema\/person\/a3bebf7bdb4bf12f698aff73c7e46c21\"},\"potentialAction\":[{\"@type\":\"SearchAction\",\"target\":{\"@type\":\"EntryPoint\",\"urlTemplate\":\"https:\/\/mhf.ro\/mm\/?s={search_term_string}\"},\"query-input\":{\"@type\":\"PropertyValueSpecification\",\"valueRequired\":true,\"valueName\":\"search_term_string\"}}],\"inLanguage\":\"ro-RO\"},{\"@type\":[\"Person\",\"Organization\"],\"@id\":\"https:\/\/mhf.ro\/mm\/#\/schema\/person\/a3bebf7bdb4bf12f698aff73c7e46c21\",\"name\":\"Marius Marcu\",\"image\":{\"@type\":\"ImageObject\",\"inLanguage\":\"ro-RO\",\"@id\":\"https:\/\/mhf.ro\/mm\/#\/schema\/person\/image\/\",\"url\":\"https:\/\/mhf.ro\/mm\/wp-content\/uploads\/2025\/12\/cropped-logo_mhf_2.png\",\"contentUrl\":\"https:\/\/mhf.ro\/mm\/wp-content\/uploads\/2025\/12\/cropped-logo_mhf_2.png\",\"width\":1096,\"height\":457,\"caption\":\"Marius Marcu\"},\"logo\":{\"@id\":\"https:\/\/mhf.ro\/mm\/#\/schema\/person\/image\/\"},\"sameAs\":[\"https:\/\/mhf.ro\/mm\"],\"url\":\"https:\/\/mhf.ro\/mm\/author\/mihai\/\"}]}<\/script>\n<!-- \/ Yoast SEO plugin. -->","yoast_head_json":{"title":"Dou\u0103 noi decese cauzate de coronavirus \u00een jude\u021bul Alba. - MHF Photography","robots":{"index":"index","follow":"follow","max-snippet":"max-snippet:-1","max-image-preview":"max-image-preview:large","max-video-preview":"max-video-preview:-1"},"canonical":"https:\/\/mhf.ro\/mm\/doua-noi-decese-cauzate-de-coronavirus-in-judetul-alba\/","og_locale":"ro_RO","og_type":"article","og_title":"Dou\u0103 noi decese cauzate de coronavirus \u00een jude\u021bul Alba. - MHF Photography","og_description":"Dou\u0103 noi decese cauzate de coronavirus au fost \u00eenregistrate la spitalul Municipal Blaj. Este vorba despre cazurile \u0219ase \u0219i sapte.","og_url":"https:\/\/mhf.ro\/mm\/doua-noi-decese-cauzate-de-coronavirus-in-judetul-alba\/","og_site_name":"MHF Photography","article_published_time":"2020-04-22T18:24:54+00:00","article_modified_time":"2020-04-23T18:31:25+00:00","og_image":[{"width":318,"height":159,"url":"https:\/\/mhf.ro\/mm\/wp-content\/uploads\/2020\/04\/sSmurd.jpg","type":"image\/jpeg"}],"author":"Marius Marcu","twitter_card":"summary_large_image","twitter_misc":{"Scris de":"Marius Marcu"},"schema":{"@context":"https:\/\/schema.org","@graph":[{"@type":"Article","@id":"https:\/\/mhf.ro\/mm\/doua-noi-decese-cauzate-de-coronavirus-in-judetul-alba\/#article","isPartOf":{"@id":"https:\/\/mhf.ro\/mm\/doua-noi-decese-cauzate-de-coronavirus-in-judetul-alba\/"},"author":{"name":"Marius Marcu","@id":"https:\/\/mhf.ro\/mm\/#\/schema\/person\/a3bebf7bdb4bf12f698aff73c7e46c21"},"headline":"Dou\u0103 noi decese cauzate de coronavirus \u00een jude\u021bul Alba.","datePublished":"2020-04-22T18:24:54+00:00","dateModified":"2020-04-23T18:31:25+00:00","mainEntityOfPage":{"@id":"https:\/\/mhf.ro\/mm\/doua-noi-decese-cauzate-de-coronavirus-in-judetul-alba\/"},"wordCount":72,"commentCount":0,"publisher":{"@id":"https:\/\/mhf.ro\/mm\/#\/schema\/person\/a3bebf7bdb4bf12f698aff73c7e46c21"},"image":{"@id":"https:\/\/mhf.ro\/mm\/doua-noi-decese-cauzate-de-coronavirus-in-judetul-alba\/#primaryimage"},"thumbnailUrl":"https:\/\/mhf.ro\/mm\/wp-content\/uploads\/2020\/04\/sSmurd.jpg","articleSection":["Diverse"],"inLanguage":"ro-RO","potentialAction":[{"@type":"CommentAction","name":"Comment","target":["https:\/\/mhf.ro\/mm\/doua-noi-decese-cauzate-de-coronavirus-in-judetul-alba\/#respond"]}]},{"@type":"WebPage","@id":"https:\/\/mhf.ro\/mm\/doua-noi-decese-cauzate-de-coronavirus-in-judetul-alba\/","url":"https:\/\/mhf.ro\/mm\/doua-noi-decese-cauzate-de-coronavirus-in-judetul-alba\/","name":"Dou\u0103 noi decese cauzate de coronavirus \u00een jude\u021bul Alba. - MHF Photography","isPartOf":{"@id":"https:\/\/mhf.ro\/mm\/#website"},"primaryImageOfPage":{"@id":"https:\/\/mhf.ro\/mm\/doua-noi-decese-cauzate-de-coronavirus-in-judetul-alba\/#primaryimage"},"image":{"@id":"https:\/\/mhf.ro\/mm\/doua-noi-decese-cauzate-de-coronavirus-in-judetul-alba\/#primaryimage"},"thumbnailUrl":"https:\/\/mhf.ro\/mm\/wp-content\/uploads\/2020\/04\/sSmurd.jpg","datePublished":"2020-04-22T18:24:54+00:00","dateModified":"2020-04-23T18:31:25+00:00","breadcrumb":{"@id":"https:\/\/mhf.ro\/mm\/doua-noi-decese-cauzate-de-coronavirus-in-judetul-alba\/#breadcrumb"},"inLanguage":"ro-RO","potentialAction":[{"@type":"ReadAction","target":["https:\/\/mhf.ro\/mm\/doua-noi-decese-cauzate-de-coronavirus-in-judetul-alba\/"]}]},{"@type":"ImageObject","inLanguage":"ro-RO","@id":"https:\/\/mhf.ro\/mm\/doua-noi-decese-cauzate-de-coronavirus-in-judetul-alba\/#primaryimage","url":"https:\/\/mhf.ro\/mm\/wp-content\/uploads\/2020\/04\/sSmurd.jpg","contentUrl":"https:\/\/mhf.ro\/mm\/wp-content\/uploads\/2020\/04\/sSmurd.jpg","width":318,"height":159},{"@type":"BreadcrumbList","@id":"https:\/\/mhf.ro\/mm\/doua-noi-decese-cauzate-de-coronavirus-in-judetul-alba\/#breadcrumb","itemListElement":[{"@type":"ListItem","position":1,"name":"Prima pagin\u0103","item":"https:\/\/mhf.ro\/mm\/"},{"@type":"ListItem","position":2,"name":"Dou\u0103 noi decese cauzate de coronavirus \u00een jude\u021bul Alba."}]},{"@type":"WebSite","@id":"https:\/\/mhf.ro\/mm\/#website","url":"https:\/\/mhf.ro\/mm\/","name":"MHF Photography \u2013 Blog de fotografie, natur\u0103 \u0219i tehnic\u0103 divers\u0103","description":"Aventur\u0103 \u00een fiecare cadru.","publisher":{"@id":"https:\/\/mhf.ro\/mm\/#\/schema\/person\/a3bebf7bdb4bf12f698aff73c7e46c21"},"potentialAction":[{"@type":"SearchAction","target":{"@type":"EntryPoint","urlTemplate":"https:\/\/mhf.ro\/mm\/?s={search_term_string}"},"query-input":{"@type":"PropertyValueSpecification","valueRequired":true,"valueName":"search_term_string"}}],"inLanguage":"ro-RO"},{"@type":["Person","Organization"],"@id":"https:\/\/mhf.ro\/mm\/#\/schema\/person\/a3bebf7bdb4bf12f698aff73c7e46c21","name":"Marius Marcu","image":{"@type":"ImageObject","inLanguage":"ro-RO","@id":"https:\/\/mhf.ro\/mm\/#\/schema\/person\/image\/","url":"https:\/\/mhf.ro\/mm\/wp-content\/uploads\/2025\/12\/cropped-logo_mhf_2.png","contentUrl":"https:\/\/mhf.ro\/mm\/wp-content\/uploads\/2025\/12\/cropped-logo_mhf_2.png","width":1096,"height":457,"caption":"Marius Marcu"},"logo":{"@id":"https:\/\/mhf.ro\/mm\/#\/schema\/person\/image\/"},"sameAs":["https:\/\/mhf.ro\/mm"],"url":"https:\/\/mhf.ro\/mm\/author\/mihai\/"}]}},"_links":{"self":[{"href":"https:\/\/mhf.ro\/mm\/wp-json\/wp\/v2\/posts\/994","targetHints":{"allow":["GET"]}}],"collection":[{"href":"https:\/\/mhf.ro\/mm\/wp-json\/wp\/v2\/posts"}],"about":[{"href":"https:\/\/mhf.ro\/mm\/wp-json\/wp\/v2\/types\/post"}],"author":[{"embeddable":true,"href":"https:\/\/mhf.ro\/mm\/wp-json\/wp\/v2\/users\/1"}],"replies":[{"embeddable":true,"href":"https:\/\/mhf.ro\/mm\/wp-json\/wp\/v2\/comments?post=994"}],"version-history":[{"count":1,"href":"https:\/\/mhf.ro\/mm\/wp-json\/wp\/v2\/posts\/994\/revisions"}],"predecessor-version":[{"id":996,"href":"https:\/\/mhf.ro\/mm\/wp-json\/wp\/v2\/posts\/994\/revisions\/996"}],"wp:featuredmedia":[{"embeddable":true,"href":"https:\/\/mhf.ro\/mm\/wp-json\/wp\/v2\/media\/995"}],"wp:attachment":[{"href":"https:\/\/mhf.ro\/mm\/wp-json\/wp\/v2\/media?parent=994"}],"wp:term":[{"taxonomy":"category","embeddable":true,"href":"https:\/\/mhf.ro\/mm\/wp-json\/wp\/v2\/categories?post=994"},{"taxonomy":"post_tag","embeddable":true,"href":"https:\/\/mhf.ro\/mm\/wp-json\/wp\/v2\/tags?post=994"}],"curies":[{"name":"wp","href":"https:\/\/api.w.org\/{rel}","templated":true}]}}